{"id":6693,"date":"2020-05-21T16:42:06","date_gmt":"2020-05-21T14:42:06","guid":{"rendered":"https:\/\/infoshareacademy.com\/?p=6693"},"modified":"2021-01-12T08:47:11","modified_gmt":"2021-01-12T07:47:11","slug":"marketingowiec-front-endowcem-poznaj-historie-naszego-absolwenta","status":"publish","type":"post","link":"https:\/\/infoshareacademy.com\/blog\/marketingowiec-front-endowcem-poznaj-historie-naszego-absolwenta\/","title":{"rendered":"Marketingowiec Front-endowcem. Poznaj histori\u0119 naszego absolwenta"},"content":{"rendered":"<p><strong>Mo\u017cna by\u0107 specjalist\u0105 w swojej dziedzinie. Ale gdy czujesz, \u017ce nie jest to w\u0142a\u015bciwa droga, to praca nie b\u0119dzie dawa\u0107 satysfakcji. Tak by\u0142o w przypadku Filipa. Speca od kampanii reklamowych w sieci i mediach spo\u0142eczno\u015bciowych, kt\u00f3ry postanowi\u0142 postawi\u0107 cezur\u0119 w swoim zawodowym \u017cyciu i zako\u0144czy\u0107 etap reklam i marketingu. Postanowi\u0142 zaj\u0105\u0107 si\u0119 programowaniem. Marketingowiec front-endowcem &#8211; co z tego wysz\u0142o? Przeczytajcie, jak potoczy\u0142a si\u0119 historia Filipa, absolwenta kursu Front-endowego, kt\u00f3ry w g\u0142\u0119bi duszy zawsze chcia\u0142 programowa\u0107. Postanowi\u0142 wi\u0119c odej\u015b\u0107 z pracy i zapisa\u0107 si\u0119 na kurs programowania. <\/strong><\/p>\n<h2 class=\"blog-h2\">Czym zajmowa\u0142e\u015b si\u0119 zanim zosta\u0142e\u015b programist\u0105?<\/h2>\n<p>Zanim zdecydowa\u0142em si\u0119 p\u00f3j\u015b\u0107 na kurs, by\u0142em specjalist\u0105 ds. marketingu. Specjalizowa\u0142em si\u0119 przede wszystkim w kampaniach online oraz reklamie w sieci i mediach spo\u0142eczno\u015bciowych. Pracowa\u0142em g\u0142\u00f3wnie w lokalnych agencjach reklamowych, gdzie promowa\u0142em marki, budowa\u0142em strategie komunikacji, optymalizowa\u0142em i analizowa\u0142em dzia\u0142ania w sieci.<\/p>\n<h2 class=\"blog-h2\">Dlaczego postanowi\u0142e\u015b zmieni\u0107 to, czym zajmowa\u0142e\u015b si\u0119 wcze\u015bniej?<\/h2>\n<p>To jest do\u015b\u0107 ci\u0119\u017ckie pytanie. Zauwa\u017cy\u0142em nawet, \u017ce gdy odpowiadam na nie w 100% szczerze, spotykam si\u0119 raczej z mieszanymi uczuciami odbiorcy. Powiem tak, w pewnym momencie poczu\u0142em, \u017ce to, co robi\u0119, nie ma dla mnie ju\u017c \u017cadnego sensu, nie przynosi mi satysfakcji, a codzienne wstawanie do pracy by\u0142o moim najwi\u0119kszym koszmarem. Agencje reklamowe, jak i ca\u0142a bran\u017ca kreatywna rz\u0105dz\u0105 si\u0119 swoimi prawami, kt\u00f3re nie ka\u017cdy jest w stanie zaakceptowa\u0107. Gdzie\u015b pogubi\u0142em si\u0119 na swojej \u015bcie\u017cce rozwoju, nigdy do ko\u0144ca nie by\u0142em pewien czy ta droga jest dla mnie. W zasadzie ka\u017cdy etap mojej \u015bcie\u017cki zawodowej, pocz\u0105wszy od kierunku studi\u00f3w, to by\u0142 pewien kompromis, a nie w pe\u0142ni \u015bwiadomy i uzasadniony wyb\u00f3r. Troch\u0119 \u017ca\u0142uje, \u017ce tak to si\u0119 potoczy\u0142o, kto by nie \u017ca\u0142owa\u0142 tylu lat, przecie\u017c mog\u0142em programowa\u0107 du\u017co, du\u017co wcze\u015bniej, ale mimo wszystko jestem dumny z podj\u0119tych decyzji i za nic bym nie wr\u00f3ci\u0142 do tego, co robi\u0142em wcze\u015bniej.<\/p>\n<h2 class=\"blog-h2\">Sk\u0105d pomys\u0142 na programowanie?<\/h2>\n<p>Zawsze chcia\u0142em programowa\u0107! Pami\u0119tam, jak w podstaw\u00f3wce, na informatyce, napisa\u0142em sw\u00f3j pierwszy \u201eprogram\u201d, chyba w C++, kt\u00f3ry liczy\u0142 pola i obwody kilku figur geometrycznych. Niestety na tym si\u0119 sko\u0144czy\u0142o, chcia\u0142em i\u015b\u0107 do klasy informatycznej w gimnazjum, ale od zawsze mi m\u00f3wiono, \u017ce bez matematyki i fizyki na zaawansowanym (o ile o takim mo\u017cna m\u00f3wi\u0107 na etapie gimnazjum) poziomie, nie ma szans my\u015ble\u0107 o programowaniu. Tak mi si\u0119 to wwierci\u0142o w g\u0142ow\u0119, \u017ce nie mog\u0142em odrzuci\u0107 tej my\u015bli, a z matmy i fizy by\u0142em kompletnie zielony. Nawet mia\u0142em nadziej\u0119, \u017ce mam jak\u0105\u015b dyskalkuli\u0119 czy co\u015b, przynajmniej zyska\u0142bym kilkana\u015bcie minut wi\u0119cej na testach.<\/p>\n<p>I tak w\u0142a\u015bnie poszed\u0142em zupe\u0142nie inn\u0105 \u015bcie\u017ck\u0105, a tymczasem mi\u0142o\u015b\u0107 do komputer\u00f3w zosta\u0142a, tylko skupi\u0142a si\u0119 na hardware i obs\u0142udze systemu. Od czasu do czasu pojawia\u0142y si\u0119 jakie\u015b tematy zwi\u0105zane ze stronami www na wordpressie, na zasadzie: \u201eFilip, ty to jeste\u015b komputerowiec, we\u017a tutaj zmie\u0144 ten kolorek\u201d. Zawsze si\u0119 udawa\u0142o, a grzebanie w kodzie by\u0142o bardzo satysfakcjonuj\u0105ce, w zasadzie te poprawki, czy jakie\u015b pr\u00f3by stworzenia w\u0142asnego bloga na gotowym szablonie rozpali\u0142y ten programistyczny \u017car, kt\u00f3ry by\u0142 we mnie przez ca\u0142y czas. No i w ko\u0144cu przyszed\u0142 ten prze\u0142om gdy stwierdzi\u0142em \u201edo\u015b\u0107\u201d i zdecydowa\u0142em si\u0119 wszystko wywr\u00f3ci\u0107 do g\u00f3ry nogami. Odszed\u0142em z pracy i zapisa\u0142em si\u0119 na kurs.<\/p>\n<h2 class=\"blog-h2\">Co Ci\u0119 sk\u0142oni\u0142o ku decyzji o nauce w infoShare Academy?<\/h2>\n<p>Pami\u0119tam, \u017ce te 1,5 roku temu infoShare Academy mia\u0142o kurs w do\u015b\u0107 zno\u015bnym dla mnie terminie. Takim, kt\u00f3ry mog\u0142em przetrzyma\u0107 na resztkach oszcz\u0119dno\u015bci i jakiej\u015b dorywczej pracy po odej\u015bciu z poprzedniej, a opinie w sieci dodatkowo utwierdzi\u0142y mnie w przekonaniu, \u017ce warto Wam zawierzy\u0107 sw\u00f3j los.<\/p>\n<h2 class=\"blog-h2\">Dlaczego zdecydowa\u0142e\u015b si\u0119 na kurs frontendowy?<\/h2>\n<p>Na pocz\u0105tku chcia\u0142em robi\u0107 kurs backendowy. Stwierdzi\u0142em jednak, \u017ce skoro mam do\u015bwiadczenie w bran\u017cy kreatywnej, mo\u017ce lepiej odnajd\u0119 si\u0119 na froncie. Poza tym lubi\u0119 obserwowa\u0107, jak moja praca daje naoczny efekt. \u017beby nie urazi\u0107 backendowc\u00f3w, doprecyzuj\u0119: lubi\u0119, jak zmieniaj\u0105 si\u0119 kolorki, a moje klikni\u0119cie uruchamia jak\u0105\u015b reakcj\u0119 i wiem, \u017ce to ja jestem za to odpowiedzialny.<\/p>\n<h2 class=\"blog-h2\">Jakie mia\u0142e\u015b oczekiwania co do kursu? Co si\u0119 spe\u0142ni\u0142o, a co nie?<\/h2>\n<p>Oczekiwania mia\u0142em dwa, \u017ceby nauczy\u0107 si\u0119 programowa\u0107 oraz \u017ceby nie plu\u0107 sobie w brod\u0119, \u017ce wyda\u0142em tyle pieni\u0119dzy. No i spe\u0142ni\u0142y si\u0119 oba za\u0142o\u017cenia. Nie tylko nauczy\u0142em si\u0119 podstaw programowania, o kt\u00f3rym zawsze marzy\u0142em, ale bardzo dobrze zainwestowa\u0142em pieni\u0105dze, kt\u00f3re teraz pracuj\u0105 na siebie.<\/p>\n<h2 class=\"blog-h2\">Co najlepiej wspominasz z nauki w infoShare Academy?<\/h2>\n<p>Atmosfer\u0119. Tak, przede wszystkim atmosfer\u0119. Codzienne przychodzenie na kurs wi\u0105za\u0142o si\u0119 z samymi pozytywnymi emocjami. Zar\u00f3wno ca\u0142a nasza grupa, kt\u00f3ra \u015bwietnie si\u0119 dogadywa\u0142a, jak i trenerzy, kt\u00f3rzy nie tylko okazali si\u0119 naszymi mentorami i nauczycielami, ale r\u00f3wnie\u017c r\u00f3wnymi go\u015b\u0107mi, z kt\u00f3rymi nadal mam kontakt i nawet teraz, po 1,5 roku, s\u0142u\u017c\u0105 rad\u0105 i wsparciem. Ca\u0142e to zaplecze, kt\u00f3re stoi za kursem, od samego pocz\u0105tku dawa\u0142o pozytywnego kopa do pracy.<\/p>\n<div class=\"blog_box_highlight\" style=\"background-color: rgba(11,168,174,0.1); margin: 40px 0 40px 0; padding: 35px 0 35px 45px; border-left: 10px solid #0ba8ae;\"><span style=\"font-weight: 400; color: #10a8ae; font-size: 1.4em;\">My\u015blisz o karierze jako Front-end Developer?<br><a href=\"https:\/\/infoshareacademy.com\/kursy\/dzienny-kurs-front-end-od-podstaw-zdalnie\/\">Sprawd\u017a nadchodz\u0105cy kurs Front-end od podstaw <\/a><\/span><\/div>\n<h2 class=\"blog-h2\">Co by\u0142o najwi\u0119kszym wyzwaniem podczas kursu?<\/h2>\n<p>Dla mnie, najwi\u0119kszym wyzwaniem by\u0142o ca\u0142kowite przestawienie mojego spos\u00f3b my\u015blenia. Odci\u0119cie si\u0119 od tego typowego humanistycznego pojmowania zjawisk i przestawienie si\u0119 na analityczne i czysto logiczne my\u015blenie. Tak, to bujda, \u017ce do programowania zawsze potrzeba matematyki, ale owszem, bardzo si\u0119 przydaje, bo uczy innego spojrzenia na \u015bwiat. No a tego mi najbardziej brakowa\u0142o. Niemniej jednak, chyba si\u0119 uda\u0142o, skoro jestem, gdzie jestem.<\/p>\n<h2 class=\"blog-h2\">Jak wygl\u0105da\u0142o szukanie pracy i ile czasu Ci to zaj\u0119\u0142o?<\/h2>\n<p>Najpierw by\u0142y testowe rozmowy kwalifikacyjne na koniec kursu, kt\u00f3re w moim przypadku zaowocowa\u0142y zaproszeniem na realn\u0105 rozmow\u0119. Tak samo przedstawienie projektu ko\u0144cowego wp\u0142yn\u0119\u0142o na to, \u017ce zosta\u0142em zaproszony na rozmow\u0119. Na pocz\u0105tku potoczy\u0142o si\u0119 to bardzo szybko i mia\u0142em przed sob\u0105 wizj\u0119 rozpocz\u0119cia pracy chwil\u0119 po kursie. Finalnie szuka\u0142em pracy \u0142\u0105cznie nieca\u0142e 3 miesi\u0105ce, a zatrudnienie znalaz\u0142em w Toucan Systems w Gda\u0144sku. My\u015bl\u0119, \u017ce 3 miesi\u0105ce to do\u015b\u0107 dobry wynik, bior\u0105c pod uwag\u0119 ca\u0142kowite przebran\u017cowienie i zostanie przyj\u0119tym na etat, a nie sta\u017c.<\/p>\n<h2 class=\"blog-h2\">Na jakie umiej\u0119tno\u015bci wed\u0142ug Ciebie zwracaj\u0105 uwag\u0119 pracodawcy? Czy to znajomo\u015b\u0107 j\u0119zyk\u00f3w i framework\u00f3w, czy mo\u017ce co\u015b innego?<\/h2>\n<p>Je\u015bli chodzi o rozmowy na stanowiska juniorskie, to g\u0142\u00f3wnym czynnikiem jest jednak wiedza teoretyczna. Nawet nie tyle co kod i jego jako\u015b\u0107, a jednak \u015bwiadomo\u015b\u0107 co z czym i jak. I oczywi\u015bcie na kursie teoria by\u0142a bardzo intensywnie wpajana do naszych g\u0142\u00f3w. Poza tym, na pierwszych rozmowach rekruterzy zawsze przygl\u0105daj\u0105 si\u0119 projektowi ko\u0144cowemu. Zadaj\u0105 w zwi\u0105zku z nim sporo pyta\u0144, bo to pierwszy taki du\u017cy projekt na \u015bcie\u017cce juniora, warto si\u0119 do niego przy\u0142o\u017cy\u0107, \u017ceby potem dok\u0142adnie opisa\u0107 swoj\u0105 rol\u0119 w ca\u0142ym przedsi\u0119wzi\u0119ciu.<\/p>\n<h2 class=\"blog-h2\">Czym obecnie zajmujesz si\u0119 w pracy?<\/h2>\n<p>Obecnie jestem Junior Front-End deweloperem w Toucan Systems. Zajmuj\u0119 si\u0119 tworzeniem warstwy frontendowej aplikacji, logik\u0105 interakcji z u\u017cytkownikiem, przetwarzaniem danych. Poza tym od pewnego czasu tworz\u0119 r\u00f3wnie\u017c aplikacje desktopowe w electron.js.<\/p>\n<h2 class=\"blog-h2\">Jakie masz plany na dalszy rozw\u00f3j i czy firma, w kt\u00f3rej pracujesz Ci\u0119 w tym rozwoju wspiera?<\/h2>\n<p>Wsparcie mam wielkie, w zasadzie ka\u017cdy z nas w Toucanie jest multidyscyplinarny, wi\u0119c bardzo du\u017co wiedzy czerpiemy od siebie. Ja sam przyszed\u0142em jako junior front, a teraz, dzi\u0119ki wsparciu i dzieleniu si\u0119 wiedz\u0105, jestem w stanie bezproblemowo pracowa\u0107 na projektach z u\u017cyciem baz danych, PHPa, Laravela, Node.jsa czy Express.jsa, czyli typowo id\u0119 w kierunku fullstacka. Mia\u0142em nawet styczno\u015b\u0107 z Unity i uda\u0142o mi si\u0119 zrobi\u0107 jeden prosty projekt. Ch\u0142opacy zarazili mnie nawet bakcylem Arduino i ju\u017c mam sw\u00f3j w\u0142asny zestaw w domu. My\u015bl\u0119, \u017ce bez tego podej\u015bcia i pomocy sobie nawzajem nie rozwin\u0105\u0142bym si\u0119 a\u017c tak. Moje dalsze plany to oczywi\u015bcie mityczny fullstack. No i gdzie\u015b tam z ty\u0142u g\u0142owy mam zrobienie w\u0142asnej gry w Unity. Na razie jednak wi\u0119kszo\u015b\u0107 czasu zabiera mi szlifowanie swoich aktualnych umiej\u0119tno\u015bci.<\/p>\n<div class=\"blog_box_highlight\" style=\"background-color: rgba(11,168,174,0.1); margin: 40px 0 40px 0; padding: 35px 0 35px 45px; border-left: 10px solid #0ba8ae;\"><span style=\"font-weight: 400; color: #10a8ae; font-size: 1.4em;\">Przeczytaj tak\u017ce:<br><a href=\"https:\/\/infoshareacademy.com\/wywiad\/filozof-w-it\/\">Filozof w IT. Poznaj histori\u0119 naszego absolwenta.<\/a><\/span><\/div>\n<figure class=\"wp-block-image\"><img decoding=\"async\" class=\"wp-image-3000\" src=\"https:\/\/infoshareacademy.com\/wp-content\/uploads\/2020\/05\/filip_cieminski_wywiad.png\" alt=\"wywiad z Filipem Ciemi\u0144skim\"><\/figure>\n<p><strong> <a href=\"https:\/\/www.linkedin.com\/in\/filip-chamier-cieminski\/\">Filip Chamier-Ciemi\u0144ski<\/a> &#8211; absolwent kursu Front-end w infoShare Academy<\/strong><br><i>Zawsze interesowa\u0142em si\u0119 komputerami, kiedy\u015b by\u0142o to tylko hardware, teraz patrz\u0119 na t\u0119 maszyn\u0119 r\u00f3wnie\u017c z zupe\u0142nie innej perspektywy, uwielbiam czyta\u0107 o prze\u015bciganiu si\u0119 producent\u00f3w w nowych rozwi\u0105zaniach i technologiach, o odwiecznej wojnie zielonych i czerwonych, no i w zasadzie czerwonych i niebieskich te\u017c. Autostopowicz i fanatyk podr\u00f3\u017cowania. Rodzinny \u201ekomputerowiec\u201d, kt\u00f3ry pod\u0142ubie w sprz\u0119cie i znowu wszystko dzia\u0142a. Poza tym fan seriali i dobrego kina. Wyci\u0105gam r\u0119ce w g\u00f3r\u0119, gdy Goku prosi o energi\u0119, pami\u0119tam, do czego by\u0142 potrzebny o\u0142\u00f3wek, jak ta\u015bma wysz\u0142a z kasety i uwa\u017cam, \u017ce mitologia grecka jest przereklamowana, a nordyck\u0105 lubi\u0142em, zanim sta\u0142o si\u0119 to modne.<\/i><\/p>\n\n\n<p><\/p>\n\n\n<p><script type=\"text\/javascript\" src=\"https:\/\/app.getresponse.com\/view_webform_v2.js?u=SAZgM&amp;webforms_id=BecDY\" data-webform-id=\"BecDY\"><\/script><\/p>","protected":false},"excerpt":{"rendered":"<p>Mo\u017cna by\u0107 specjalist\u0105 w swojej dziedzinie. Ale gdy czujesz, \u017ce nie jest to w\u0142a\u015bciwa droga, to praca nie b\u0119dzie dawa\u0107 satysfakcji. Tak by\u0142o w przypadku Filipa. Speca od kampanii reklamowych w sieci i mediach spo\u0142eczno\u015bciowych, kt\u00f3ry postanowi\u0142 postawi\u0107 cezur\u0119 w swoim zawodowym \u017cyciu i zako\u0144czy\u0107 etap reklam i marketingu. Postanowi\u0142 zaj\u0105\u0107 si\u0119 programowaniem. Marketingowiec front-endowcem &hellip;<\/p>\n","protected":false},"author":3,"featured_media":9797,"comment_status":"open","ping_status":"open","sticky":false,"template":"","format":"standard","meta":{"footnotes":""},"categories":[30,24,25],"tags":[],"class_list":["post-6693","post","type-post","status-publish","format-standard","has-post-thumbnail","hentry","category-front-end","category-historie-absolwentow","category-wywiady"],"yoast_head":"<!-- This site is optimized with the Yoast SEO plugin v20.7 - https:\/\/yoast.com\/wordpress\/plugins\/seo\/ -->\n<title>Marketingowiec Front-endowcem. Historia Absolwenta infoShare Academy<\/title>\n<meta name=\"description\" content=\"Marketingowiec Front-endowcem? Przeczytaj histori\u0119 Filipa, absolwenta kursu Front-endowego, kt\u00f3ry zmieni\u0142 prac\u0119 w marketingu na karier\u0119 w IT!\" \/>\n<meta name=\"robots\" content=\"index, follow, max-snippet:-1, max-image-preview:large, max-video-preview:-1\" \/>\n<link rel=\"canonical\" href=\"https:\/\/infoshareacademy.com\/blog\/marketingowiec-front-endowcem-poznaj-historie-naszego-absolwenta\/\" \/>\n<meta property=\"og:locale\" content=\"pl_PL\" \/>\n<meta property=\"og:type\" content=\"article\" \/>\n<meta property=\"og:title\" content=\"Marketingowiec Front-endowcem. Poznaj histori\u0119 naszego absolwenta.\" \/>\n<meta property=\"og:description\" content=\"Marketingowiec Front-endowcem? Przeczytaj histori\u0119 Filipa, absolwenta kursu Front-endowego, kt\u00f3ry zmieni\u0142 prac\u0119 w marketingu na karier\u0119 w IT!\" \/>\n<meta property=\"og:url\" content=\"https:\/\/infoshareacademy.com\/blog\/marketingowiec-front-endowcem-poznaj-historie-naszego-absolwenta\/\" \/>\n<meta property=\"og:site_name\" content=\"infoShare Academy Blog\" \/>\n<meta property=\"article:publisher\" content=\"https:\/\/www.facebook.com\/infoshareacademy\" \/>\n<meta property=\"article:published_time\" content=\"2020-05-21T14:42:06+00:00\" \/>\n<meta property=\"article:modified_time\" content=\"2021-01-12T07:47:11+00:00\" \/>\n<meta name=\"author\" content=\"stokarska\" \/>\n<meta name=\"twitter:card\" content=\"summary_large_image\" \/>\n<meta name=\"twitter:image\" content=\"https:\/\/infoshareacademy.com\/blog\/wp-content\/uploads\/2020\/05\/filip_cieminski_wywiad_fb-2-1024x538-1.png\" \/>\n<meta name=\"twitter:label1\" content=\"Napisane przez\" \/>\n\t<meta name=\"twitter:data1\" content=\"stokarska\" \/>\n\t<meta name=\"twitter:label2\" content=\"Szacowany czas czytania\" \/>\n\t<meta name=\"twitter:data2\" content=\"8 minut\" \/>\n<script type=\"application\/ld+json\" class=\"yoast-schema-graph\">{\"@context\":\"https:\/\/schema.org\",\"@graph\":[{\"@type\":\"Article\",\"@id\":\"https:\/\/infoshareacademy.com\/blog\/marketingowiec-front-endowcem-poznaj-historie-naszego-absolwenta\/#article\",\"isPartOf\":{\"@id\":\"https:\/\/infoshareacademy.com\/blog\/marketingowiec-front-endowcem-poznaj-historie-naszego-absolwenta\/\"},\"author\":{\"name\":\"stokarska\",\"@id\":\"https:\/\/infoshareacademy.com\/blog\/#\/schema\/person\/90eefec70f6918e70294f2aa5ed2f1cb\"},\"headline\":\"Marketingowiec Front-endowcem. Poznaj histori\u0119 naszego absolwenta\",\"datePublished\":\"2020-05-21T14:42:06+00:00\",\"dateModified\":\"2021-01-12T07:47:11+00:00\",\"mainEntityOfPage\":{\"@id\":\"https:\/\/infoshareacademy.com\/blog\/marketingowiec-front-endowcem-poznaj-historie-naszego-absolwenta\/\"},\"wordCount\":1611,\"commentCount\":0,\"publisher\":{\"@id\":\"https:\/\/infoshareacademy.com\/blog\/#organization\"},\"articleSection\":[\"Front-end\",\"Historie Absolwent\u00f3w\",\"Wywiady\"],\"inLanguage\":\"pl-PL\",\"potentialAction\":[{\"@type\":\"CommentAction\",\"name\":\"Comment\",\"target\":[\"https:\/\/infoshareacademy.com\/blog\/marketingowiec-front-endowcem-poznaj-historie-naszego-absolwenta\/#respond\"]}]},{\"@type\":\"WebPage\",\"@id\":\"https:\/\/infoshareacademy.com\/blog\/marketingowiec-front-endowcem-poznaj-historie-naszego-absolwenta\/\",\"url\":\"https:\/\/infoshareacademy.com\/blog\/marketingowiec-front-endowcem-poznaj-historie-naszego-absolwenta\/\",\"name\":\"Marketingowiec Front-endowcem. Historia Absolwenta infoShare Academy\",\"isPartOf\":{\"@id\":\"https:\/\/infoshareacademy.com\/blog\/#website\"},\"datePublished\":\"2020-05-21T14:42:06+00:00\",\"dateModified\":\"2021-01-12T07:47:11+00:00\",\"description\":\"Marketingowiec Front-endowcem? Przeczytaj histori\u0119 Filipa, absolwenta kursu Front-endowego, kt\u00f3ry zmieni\u0142 prac\u0119 w marketingu na karier\u0119 w IT!\",\"breadcrumb\":{\"@id\":\"https:\/\/infoshareacademy.com\/blog\/marketingowiec-front-endowcem-poznaj-historie-naszego-absolwenta\/#breadcrumb\"},\"inLanguage\":\"pl-PL\",\"potentialAction\":[{\"@type\":\"ReadAction\",\"target\":[\"https:\/\/infoshareacademy.com\/blog\/marketingowiec-front-endowcem-poznaj-historie-naszego-absolwenta\/\"]}]},{\"@type\":\"BreadcrumbList\",\"@id\":\"https:\/\/infoshareacademy.com\/blog\/marketingowiec-front-endowcem-poznaj-historie-naszego-absolwenta\/#breadcrumb\",\"itemListElement\":[{\"@type\":\"ListItem\",\"position\":1,\"name\":\"Strona g\u0142\u00f3wna\",\"item\":\"https:\/\/infoshareacademy.com\/blog\/\"},{\"@type\":\"ListItem\",\"position\":2,\"name\":\"Marketingowiec Front-endowcem. Poznaj histori\u0119 naszego absolwenta\"}]},{\"@type\":\"WebSite\",\"@id\":\"https:\/\/infoshareacademy.com\/blog\/#website\",\"url\":\"https:\/\/infoshareacademy.com\/blog\/\",\"name\":\"infoShare Academy Blog\",\"description\":\"Strona o szkoleniach w IT\",\"publisher\":{\"@id\":\"https:\/\/infoshareacademy.com\/blog\/#organization\"},\"potentialAction\":[{\"@type\":\"SearchAction\",\"target\":{\"@type\":\"EntryPoint\",\"urlTemplate\":\"https:\/\/infoshareacademy.com\/blog\/?s={search_term_string}\"},\"query-input\":\"required name=search_term_string\"}],\"inLanguage\":\"pl-PL\"},{\"@type\":\"Organization\",\"@id\":\"https:\/\/infoshareacademy.com\/blog\/#organization\",\"name\":\"infoShare Academy\",\"url\":\"https:\/\/infoshareacademy.com\/blog\/\",\"logo\":{\"@type\":\"ImageObject\",\"inLanguage\":\"pl-PL\",\"@id\":\"https:\/\/infoshareacademy.com\/blog\/#\/schema\/logo\/image\/\",\"url\":\"https:\/\/infoshareacademy.com\/blog\/wp-content\/uploads\/2022\/11\/infoShare-Academy-ver-white-with-background-1000x1000px.jpg\",\"contentUrl\":\"https:\/\/infoshareacademy.com\/blog\/wp-content\/uploads\/2022\/11\/infoShare-Academy-ver-white-with-background-1000x1000px.jpg\",\"width\":1000,\"height\":1000,\"caption\":\"infoShare Academy\"},\"image\":{\"@id\":\"https:\/\/infoshareacademy.com\/blog\/#\/schema\/logo\/image\/\"},\"sameAs\":[\"https:\/\/www.facebook.com\/infoshareacademy\"]},{\"@type\":\"Person\",\"@id\":\"https:\/\/infoshareacademy.com\/blog\/#\/schema\/person\/90eefec70f6918e70294f2aa5ed2f1cb\",\"name\":\"stokarska\",\"image\":{\"@type\":\"ImageObject\",\"inLanguage\":\"pl-PL\",\"@id\":\"https:\/\/infoshareacademy.com\/blog\/#\/schema\/person\/image\/\",\"url\":\"https:\/\/secure.gravatar.com\/avatar\/?s=96&d=mm&r=g\",\"contentUrl\":\"https:\/\/secure.gravatar.com\/avatar\/?s=96&d=mm&r=g\",\"caption\":\"stokarska\"},\"url\":\"https:\/\/infoshareacademy.com\/blog\/author\/stokarska\/\"}]}<\/script>\n<!-- \/ Yoast SEO plugin. -->","yoast_head_json":{"title":"Marketingowiec Front-endowcem. Historia Absolwenta infoShare Academy","description":"Marketingowiec Front-endowcem? Przeczytaj histori\u0119 Filipa, absolwenta kursu Front-endowego, kt\u00f3ry zmieni\u0142 prac\u0119 w marketingu na karier\u0119 w IT!","robots":{"index":"index","follow":"follow","max-snippet":"max-snippet:-1","max-image-preview":"max-image-preview:large","max-video-preview":"max-video-preview:-1"},"canonical":"https:\/\/infoshareacademy.com\/blog\/marketingowiec-front-endowcem-poznaj-historie-naszego-absolwenta\/","og_locale":"pl_PL","og_type":"article","og_title":"Marketingowiec Front-endowcem. Poznaj histori\u0119 naszego absolwenta.","og_description":"Marketingowiec Front-endowcem? Przeczytaj histori\u0119 Filipa, absolwenta kursu Front-endowego, kt\u00f3ry zmieni\u0142 prac\u0119 w marketingu na karier\u0119 w IT!","og_url":"https:\/\/infoshareacademy.com\/blog\/marketingowiec-front-endowcem-poznaj-historie-naszego-absolwenta\/","og_site_name":"infoShare Academy Blog","article_publisher":"https:\/\/www.facebook.com\/infoshareacademy","article_published_time":"2020-05-21T14:42:06+00:00","article_modified_time":"2021-01-12T07:47:11+00:00","author":"stokarska","twitter_card":"summary_large_image","twitter_image":"https:\/\/infoshareacademy.com\/blog\/wp-content\/uploads\/2020\/05\/filip_cieminski_wywiad_fb-2-1024x538-1.png","twitter_misc":{"Napisane przez":"stokarska","Szacowany czas czytania":"8 minut"},"schema":{"@context":"https:\/\/schema.org","@graph":[{"@type":"Article","@id":"https:\/\/infoshareacademy.com\/blog\/marketingowiec-front-endowcem-poznaj-historie-naszego-absolwenta\/#article","isPartOf":{"@id":"https:\/\/infoshareacademy.com\/blog\/marketingowiec-front-endowcem-poznaj-historie-naszego-absolwenta\/"},"author":{"name":"stokarska","@id":"https:\/\/infoshareacademy.com\/blog\/#\/schema\/person\/90eefec70f6918e70294f2aa5ed2f1cb"},"headline":"Marketingowiec Front-endowcem. Poznaj histori\u0119 naszego absolwenta","datePublished":"2020-05-21T14:42:06+00:00","dateModified":"2021-01-12T07:47:11+00:00","mainEntityOfPage":{"@id":"https:\/\/infoshareacademy.com\/blog\/marketingowiec-front-endowcem-poznaj-historie-naszego-absolwenta\/"},"wordCount":1611,"commentCount":0,"publisher":{"@id":"https:\/\/infoshareacademy.com\/blog\/#organization"},"articleSection":["Front-end","Historie Absolwent\u00f3w","Wywiady"],"inLanguage":"pl-PL","potentialAction":[{"@type":"CommentAction","name":"Comment","target":["https:\/\/infoshareacademy.com\/blog\/marketingowiec-front-endowcem-poznaj-historie-naszego-absolwenta\/#respond"]}]},{"@type":"WebPage","@id":"https:\/\/infoshareacademy.com\/blog\/marketingowiec-front-endowcem-poznaj-historie-naszego-absolwenta\/","url":"https:\/\/infoshareacademy.com\/blog\/marketingowiec-front-endowcem-poznaj-historie-naszego-absolwenta\/","name":"Marketingowiec Front-endowcem. Historia Absolwenta infoShare Academy","isPartOf":{"@id":"https:\/\/infoshareacademy.com\/blog\/#website"},"datePublished":"2020-05-21T14:42:06+00:00","dateModified":"2021-01-12T07:47:11+00:00","description":"Marketingowiec Front-endowcem? Przeczytaj histori\u0119 Filipa, absolwenta kursu Front-endowego, kt\u00f3ry zmieni\u0142 prac\u0119 w marketingu na karier\u0119 w IT!","breadcrumb":{"@id":"https:\/\/infoshareacademy.com\/blog\/marketingowiec-front-endowcem-poznaj-historie-naszego-absolwenta\/#breadcrumb"},"inLanguage":"pl-PL","potentialAction":[{"@type":"ReadAction","target":["https:\/\/infoshareacademy.com\/blog\/marketingowiec-front-endowcem-poznaj-historie-naszego-absolwenta\/"]}]},{"@type":"BreadcrumbList","@id":"https:\/\/infoshareacademy.com\/blog\/marketingowiec-front-endowcem-poznaj-historie-naszego-absolwenta\/#breadcrumb","itemListElement":[{"@type":"ListItem","position":1,"name":"Strona g\u0142\u00f3wna","item":"https:\/\/infoshareacademy.com\/blog\/"},{"@type":"ListItem","position":2,"name":"Marketingowiec Front-endowcem. Poznaj histori\u0119 naszego absolwenta"}]},{"@type":"WebSite","@id":"https:\/\/infoshareacademy.com\/blog\/#website","url":"https:\/\/infoshareacademy.com\/blog\/","name":"infoShare Academy Blog","description":"Strona o szkoleniach w IT","publisher":{"@id":"https:\/\/infoshareacademy.com\/blog\/#organization"},"potentialAction":[{"@type":"SearchAction","target":{"@type":"EntryPoint","urlTemplate":"https:\/\/infoshareacademy.com\/blog\/?s={search_term_string}"},"query-input":"required name=search_term_string"}],"inLanguage":"pl-PL"},{"@type":"Organization","@id":"https:\/\/infoshareacademy.com\/blog\/#organization","name":"infoShare Academy","url":"https:\/\/infoshareacademy.com\/blog\/","logo":{"@type":"ImageObject","inLanguage":"pl-PL","@id":"https:\/\/infoshareacademy.com\/blog\/#\/schema\/logo\/image\/","url":"https:\/\/infoshareacademy.com\/blog\/wp-content\/uploads\/2022\/11\/infoShare-Academy-ver-white-with-background-1000x1000px.jpg","contentUrl":"https:\/\/infoshareacademy.com\/blog\/wp-content\/uploads\/2022\/11\/infoShare-Academy-ver-white-with-background-1000x1000px.jpg","width":1000,"height":1000,"caption":"infoShare Academy"},"image":{"@id":"https:\/\/infoshareacademy.com\/blog\/#\/schema\/logo\/image\/"},"sameAs":["https:\/\/www.facebook.com\/infoshareacademy"]},{"@type":"Person","@id":"https:\/\/infoshareacademy.com\/blog\/#\/schema\/person\/90eefec70f6918e70294f2aa5ed2f1cb","name":"stokarska","image":{"@type":"ImageObject","inLanguage":"pl-PL","@id":"https:\/\/infoshareacademy.com\/blog\/#\/schema\/person\/image\/","url":"https:\/\/secure.gravatar.com\/avatar\/?s=96&d=mm&r=g","contentUrl":"https:\/\/secure.gravatar.com\/avatar\/?s=96&d=mm&r=g","caption":"stokarska"},"url":"https:\/\/infoshareacademy.com\/blog\/author\/stokarska\/"}]}},"_links":{"self":[{"href":"https:\/\/infoshareacademy.com\/blog\/wp-json\/wp\/v2\/posts\/6693","targetHints":{"allow":["GET"]}}],"collection":[{"href":"https:\/\/infoshareacademy.com\/blog\/wp-json\/wp\/v2\/posts"}],"about":[{"href":"https:\/\/infoshareacademy.com\/blog\/wp-json\/wp\/v2\/types\/post"}],"author":[{"embeddable":true,"href":"https:\/\/infoshareacademy.com\/blog\/wp-json\/wp\/v2\/users\/3"}],"replies":[{"embeddable":true,"href":"https:\/\/infoshareacademy.com\/blog\/wp-json\/wp\/v2\/comments?post=6693"}],"version-history":[{"count":1,"href":"https:\/\/infoshareacademy.com\/blog\/wp-json\/wp\/v2\/posts\/6693\/revisions"}],"predecessor-version":[{"id":9798,"href":"https:\/\/infoshareacademy.com\/blog\/wp-json\/wp\/v2\/posts\/6693\/revisions\/9798"}],"wp:featuredmedia":[{"embeddable":true,"href":"https:\/\/infoshareacademy.com\/blog\/wp-json\/wp\/v2\/media\/9797"}],"wp:attachment":[{"href":"https:\/\/infoshareacademy.com\/blog\/wp-json\/wp\/v2\/media?parent=6693"}],"wp:term":[{"taxonomy":"category","embeddable":true,"href":"https:\/\/infoshareacademy.com\/blog\/wp-json\/wp\/v2\/categories?post=6693"},{"taxonomy":"post_tag","embeddable":true,"href":"https:\/\/infoshareacademy.com\/blog\/wp-json\/wp\/v2\/tags?post=6693"}],"curies":[{"name":"wp","href":"https:\/\/api.w.org\/{rel}","templated":true}]}}