{"id":4319,"date":"2019-11-21T12:14:54","date_gmt":"2019-11-21T11:14:54","guid":{"rendered":"https:\/\/infoshareacademy.com\/?p=4319"},"modified":"2021-01-12T09:32:52","modified_gmt":"2021-01-12T08:32:52","slug":"z-branzy-budowlanej-do-it-poznaj-historie-naszego-absolwenta","status":"publish","type":"post","link":"https:\/\/infoshareacademy.com\/blog\/z-branzy-budowlanej-do-it-poznaj-historie-naszego-absolwenta\/","title":{"rendered":"Z bran\u017cy budowlanej do IT. Poznaj histori\u0119 absolwenta infoShare Academy"},"content":{"rendered":"<p><strong>Twoja dotychczasowa praca nie sprawia Ci satysfakcji i zastanawiasz si\u0119 nad przebran\u017cowieniem? Poznaj histori\u0119 Kamila Richerta z Gda\u0144ska. Kamil to absolwent infoShare Academy, a obecnie programista i trener. Mimo uko\u0144czonych studi\u00f3w w innej dziedzinie, postanowi\u0142 zosta\u0107 programist\u0105!<\/strong><\/p>\n<p><iframe loading=\"lazy\" id=\"desktop_player\" src=\"https:\/\/www.youtube.com\/embed\/NZ3qlwaPvsw\" width=\"560\" height=\"315\" frameborder=\"0\" allowfullscreen=\"allowfullscreen\"><\/iframe><br \/>\n<iframe loading=\"lazy\" id=\"mobile_player\" src=\"https:\/\/www.youtube.com\/embed\/NZ3qlwaPvsw\" width=\"335\" height=\"188\" frameborder=\"0\" allowfullscreen=\"allowfullscreen\"><\/iframe><\/p>\n<h2 class=\"blog-h2\">Twoja \u015bcie\u017cka kariery nie by\u0142a pocz\u0105tkowo zwi\u0105zana z bran\u017c\u0105 IT. Czym zajmowa\u0142e\u015b si\u0119 wcze\u015bniej?<\/h2>\n<p>Uko\u0144czy\u0142em studia magisterskie z budownictwa na Wydziale In\u017cynierii L\u0105dowej Politechnice Gda\u0144skiej. Przez rok pracowa\u0142em w zawodzie, jednak stwierdzi\u0142em, \u017ce nie podoba mi si\u0119 to, co robi\u0119 i nie chc\u0119, aby tak wygl\u0105da\u0142o moje \u017cycie. Postanowi\u0142em si\u0119 przebran\u017cowi\u0107.<\/p>\n<h2 class=\"blog-h2\">Wyb\u00f3r pad\u0142 na bran\u017c\u0119 IT. Sk\u0105d ta decyzja?<\/h2>\n<p>Decyzja o tym, \u017ce spr\u00f3buj\u0119 swoich si\u0142 w\u0142a\u015bnie w bran\u017cy IT by\u0142a do\u015b\u0107 szybka i oczywista. W sumie zawsze interesowa\u0142em si\u0119 nowymi technologiami, a do tego uko\u0144czy\u0142em studia techniczne, dlatego stwierdzi\u0142em, \u017ce warto spr\u00f3bowa\u0107 swoich si\u0142 w programowaniu. M\u00f3j wyb\u00f3r pad\u0142 na kurs Frontend w szkole infoShare Academy.<\/p>\n<div class=\"blog_box_highlight\" style=\"background-color: rgba(11,168,174,0.1); margin: 40px 0 40px 0; padding: 35px 0 35px 45px; border-left: 10px solid #0ba8ae;\"><span style=\"font-weight: 400; color: #10a8ae; font-size: 1.4em;\">My\u015blisz o rozpocz\u0119ciu nauki?<br \/>\n<a href=\"https:\/\/infoshareacademy.com\/kursy\/kurs-dzienny_gdansk_front-end\/\" target=\"_blank\" rel=\"noopener noreferrer\">Sprawd\u017a dzienny kurs Junior Front-End Developer w Gda\u0144sku<\/a><\/span><\/div>\n<h2 class=\"blog-h2\">Jak wygl\u0105da\u0142 Tw\u00f3j start po uko\u0144czeniu kursu? Czy mia\u0142e\u015b trudno\u015bci ze znalezieniem pierwszej pracy w IT?<\/h2>\n<p>Jako absolwent infoShare Academy, by\u0142em zdeterminowany na start w bran\u017cy IT. Moja kariera rozpocz\u0119\u0142a si\u0119 bardzo szybko. Pierwsza rozmowa o prac\u0119 by\u0142a ca\u0142kiem \u0142atwa i przyjemna &#8211; zadano mi zaledwie kilka prostych pyta\u0144 i uda\u0142o mi si\u0119 pozytywnie przej\u015b\u0107 proces rekrutacji.<\/p>\n<p>Po pierwszej udanej rozmowie postanowi\u0142em spr\u00f3bowa\u0107 swoich si\u0142 w Goyello (obecnie Aspire Systems). Co ciekawe, zna\u0142em w\u00f3wczas g\u0142\u00f3wnie framework React, podczas gdy na stanowisku, o jakie si\u0119 ubiega\u0142em wymagano Angulara. Mimo to, dla owej firmy nie stanowi\u0142o to wi\u0119kszej przeszkody i zosta\u0142em tam zatrudniony.<\/p>\n<h2 class=\"blog-h2\">Jak wygl\u0105da Twoja obecna praca?<\/h2>\n<p>Od ponad 2 lat jestem Frontend Developerem. Aktualnie pracuje jako Junior Software Engineer w Spartez i mimo wcze\u015bniejszego do\u015bwiadczenia komercyjnego z Angularem, teraz pisz\u0119 g\u0142\u00f3wnie w React i nie tylko. Moja praca opiera si\u0119 na g\u0142\u00f3wnie programowaniu frontendu jednak coraz cz\u0119\u015bciej zagl\u0105dam te\u017c na drug\u0105 stron\u0119 barykady &#8211; do backendu.<\/p>\n<h2 class=\"blog-h2\">Twoja aktywno\u015b\u0107 zawodowa nie ogranicza si\u0119 tylko do pracy na etacie. Obecnie jeste\u015b tak\u017ce trenerem w szkole programowania infoShare Academy. Sk\u0105d ta decyzja?<\/h2>\n<p>Tak, to prawda. W trakcie, kiedy moja kariera post\u0119powa\u0142a, uda\u0142o mi si\u0119 wr\u00f3ci\u0107 do infoShare Academy, ale tym razem w innej roli &#8211; w roli trenera. Dlaczego zdecydowa\u0142em si\u0119 na ten krok? Tak naprawd\u0119, dzi\u0119ki osobom, kt\u00f3re postanowi\u0142y si\u0119 dzieli\u0107 wiedz\u0105 uda\u0142o mi si\u0119 przebran\u017cowi\u0107, wi\u0119c te\u017c ch\u0119tnie przekazuj\u0119 to co ju\u017c umiem. Dodatkowo wiadomo, \u017ce przekazuj\u0105c wiedz\u0119 innym, sam mog\u0119 si\u0119 wiele nauczy\u0107. Przede wszystkim uda\u0142o mi si\u0119 lepiej zrozumie\u0107, na czym polegaj\u0105 trudno\u015bci z przyswajaniem pewnych aspekt\u00f3w.<\/p>\n<h2 class=\"blog-h2\">Jak wygl\u0105daj\u0105 Twoje dalsze plany co do rozwoju zawodowego?<\/h2>\n<p>Przede wszystkim chcia\u0142bym skupi\u0107 si\u0119 na rozwijaniu moich umiej\u0119tno\u015bci z zakresu frontendu, ale nie tylko. W pracy programisty warto jest mie\u0107 wszechstronn\u0105 wiedz\u0119, kt\u00f3ra zawsze mo\u017ce si\u0119 przyda\u0107. Frontend Developer powinien mie\u0107 poj\u0119cie o tym, co dzieje si\u0119 na backendzie i by\u0107 w stanie napisa\u0107 podstawowe funkcjonalno\u015bci, np. w Javie. Ja planuj\u0119 nauczy\u0107 si\u0119 backendu z wykorzystaniem Node.js i Javy. Co wi\u0119cej, w przysz\u0142o\u015bci bardzo chcia\u0142bym spr\u00f3bowa\u0107 swoich si\u0142 w prowadzeniu zespo\u0142u. My\u015bla\u0142em te\u017c o tym, \u017ceby po\u0142\u0105czy\u0107 zaw\u00f3d developera i Scrum Mastera. Bardzo lubi\u0119 pracowa\u0107 z lud\u017ami i wydaje mi si\u0119, \u017ce m\u00f3g\u0142bym si\u0119 sprawdzi\u0107 w zarz\u0105dzaniu nimi.<\/p>\n<p><strong>Je\u015bli Ty tak\u017ce chcia\u0142by\u015b zmieni\u0107 swoje \u017cycie i zwi\u0105za\u0107 swoj\u0105 przysz\u0142o\u015b\u0107 z bran\u017c\u0105 IT &#8211; zapoznaj si\u0119 z ofert\u0105 infoShare Academy i wybierz kurs dla siebie!<\/strong><\/p>\n<div class=\"blog_box_highlight\" style=\"background-color: rgba(11,168,174,0.1); margin: 40px 0 40px 0; padding: 35px 0 35px 45px; border-left: 10px solid #0ba8ae;\"><span style=\"font-weight: 400; color: #10a8ae; font-size: 1.4em;\">Przeczytaj tak\u017ce:<br \/>\n<a href=\"https:\/\/infoshareacademy.com\/blog\/jak-zostac-front-end-developerem\/\">Jak zosta\u0107 Front-end developerem?<\/a><\/span><\/div>\n<p><strong>Bohater historii:<\/strong><\/p>\n<figure class=\"wp-block-image\"><img decoding=\"async\" class=\"wp-image-3000\" src=\"https:\/\/infoshareacademy.com\/wp-content\/uploads\/2019\/11\/kamil_richert.png\" alt=\"ux-infoshareacademy\"><\/figure>\n<p><strong><a href=\"https:\/\/www.linkedin.com\/in\/kamil-richert\/\">Kamil Richert<\/a><\/strong><\/p>\n<p>Budownictwo, kurs, deweloper, trener. To w du\u017cym skr\u00f3cie historia zawodowej kariery Kamila.Jako, \u017ce Kamilowi uda\u0142o si\u0119 zmieni\u0107 jego \u017cycie zawodowe g\u0142\u00f3wnie dzi\u0119ki ludziom, kt\u00f3rzy ch\u0119tnie dziel\u0105 si\u0119 wiedz\u0105, sam postawnowi\u0142 robi\u0107 dok\u0142adnie to samo. Kamil od pocz\u0105tk\u00f3w swojej kariery jest zwi\u0105zany z FrontEndem, dlatego te\u017c w tej dziedzinie si\u0119 udziela i ci\u0105gle rozwija.<br \/>\nAktualnie pracuje w firmie Spartez jako Junior Software Engieneer.<br \/>\n<script type=\"text\/javascript\" src=\"https:\/\/app.getresponse.com\/view_webform_v2.js?u=SAZgM&amp;webforms_id=BecDY\" data-webform-id=\"BecDY\"><\/script><\/p>\n","protected":false},"excerpt":{"rendered":"<p>Twoja dotychczasowa praca nie sprawia Ci satysfakcji i zastanawiasz si\u0119 nad przebran\u017cowieniem? Poznaj histori\u0119 Kamila Richerta z Gda\u0144ska. Kamil to absolwent infoShare Academy, a obecnie programista i trener. Mimo uko\u0144czonych studi\u00f3w w innej dziedzinie, postanowi\u0142 zosta\u0107 programist\u0105! Twoja \u015bcie\u017cka kariery nie by\u0142a pocz\u0105tkowo zwi\u0105zana z bran\u017c\u0105 IT. Czym zajmowa\u0142e\u015b si\u0119 wcze\u015bniej? Uko\u0144czy\u0142em studia magisterskie z &hellip;<\/p>\n","protected":false},"author":3,"featured_media":9844,"comment_status":"open","ping_status":"open","sticky":false,"template":"","format":"standard","meta":{"footnotes":""},"categories":[30,24,25],"tags":[],"class_list":["post-4319","post","type-post","status-publish","format-standard","has-post-thumbnail","hentry","category-front-end","category-historie-absolwentow","category-wywiady"],"yoast_head":"<!-- This site is optimized with the Yoast SEO plugin v20.7 - https:\/\/yoast.com\/wordpress\/plugins\/seo\/ -->\n<title>Z bran\u017cy budowlanej do IT - poznaj histori\u0119 naszego absolwenta<\/title>\n<meta name=\"description\" content=\"Kamil to absolwent infoShare Academy, a obecnie - programista i trener kodowania. Przeczytaj, jak potoczy\u0142a si\u0119 jego kariera w IT\" \/>\n<meta name=\"robots\" content=\"index, follow, max-snippet:-1, max-image-preview:large, max-video-preview:-1\" \/>\n<link rel=\"canonical\" href=\"https:\/\/infoshareacademy.com\/blog\/z-branzy-budowlanej-do-it-poznaj-historie-naszego-absolwenta\/\" \/>\n<meta property=\"og:locale\" content=\"pl_PL\" \/>\n<meta property=\"og:type\" content=\"article\" \/>\n<meta property=\"og:title\" content=\"Z bran\u017cy budowlanej do IT - poznaj histori\u0119 naszego absolwenta\" \/>\n<meta property=\"og:description\" content=\"Kamil to absolwent infoShare Academy, a obecnie - programista i trener kodowania. Przeczytaj, jak potoczy\u0142a si\u0119 jego kariera w IT\" \/>\n<meta property=\"og:url\" content=\"https:\/\/infoshareacademy.com\/blog\/z-branzy-budowlanej-do-it-poznaj-historie-naszego-absolwenta\/\" \/>\n<meta property=\"og:site_name\" content=\"infoShare Academy Blog\" \/>\n<meta property=\"article:publisher\" content=\"https:\/\/www.facebook.com\/infoshareacademy\" \/>\n<meta property=\"article:published_time\" content=\"2019-11-21T11:14:54+00:00\" \/>\n<meta property=\"article:modified_time\" content=\"2021-01-12T08:32:52+00:00\" \/>\n<meta property=\"og:image\" content=\"https:\/\/infoshareacademy.com\/blog\/wp-content\/uploads\/2019\/11\/Kamil-blog.png\" \/>\n\t<meta property=\"og:image:width\" content=\"900\" \/>\n\t<meta property=\"og:image:height\" content=\"300\" \/>\n\t<meta property=\"og:image:type\" content=\"image\/png\" \/>\n<meta name=\"author\" content=\"stokarska\" \/>\n<meta name=\"twitter:card\" content=\"summary_large_image\" \/>\n<meta name=\"twitter:label1\" content=\"Napisane przez\" \/>\n\t<meta name=\"twitter:data1\" content=\"stokarska\" \/>\n\t<meta name=\"twitter:label2\" content=\"Szacowany czas czytania\" \/>\n\t<meta name=\"twitter:data2\" content=\"4 minuty\" \/>\n<script type=\"application\/ld+json\" class=\"yoast-schema-graph\">{\"@context\":\"https:\/\/schema.org\",\"@graph\":[{\"@type\":\"Article\",\"@id\":\"https:\/\/infoshareacademy.com\/blog\/z-branzy-budowlanej-do-it-poznaj-historie-naszego-absolwenta\/#article\",\"isPartOf\":{\"@id\":\"https:\/\/infoshareacademy.com\/blog\/z-branzy-budowlanej-do-it-poznaj-historie-naszego-absolwenta\/\"},\"author\":{\"name\":\"stokarska\",\"@id\":\"https:\/\/infoshareacademy.com\/blog\/#\/schema\/person\/90eefec70f6918e70294f2aa5ed2f1cb\"},\"headline\":\"Z bran\u017cy budowlanej do IT. Poznaj histori\u0119 absolwenta infoShare Academy\",\"datePublished\":\"2019-11-21T11:14:54+00:00\",\"dateModified\":\"2021-01-12T08:32:52+00:00\",\"mainEntityOfPage\":{\"@id\":\"https:\/\/infoshareacademy.com\/blog\/z-branzy-budowlanej-do-it-poznaj-historie-naszego-absolwenta\/\"},\"wordCount\":755,\"commentCount\":0,\"publisher\":{\"@id\":\"https:\/\/infoshareacademy.com\/blog\/#organization\"},\"articleSection\":[\"Front-end\",\"Historie Absolwent\u00f3w\",\"Wywiady\"],\"inLanguage\":\"pl-PL\",\"potentialAction\":[{\"@type\":\"CommentAction\",\"name\":\"Comment\",\"target\":[\"https:\/\/infoshareacademy.com\/blog\/z-branzy-budowlanej-do-it-poznaj-historie-naszego-absolwenta\/#respond\"]}]},{\"@type\":\"WebPage\",\"@id\":\"https:\/\/infoshareacademy.com\/blog\/z-branzy-budowlanej-do-it-poznaj-historie-naszego-absolwenta\/\",\"url\":\"https:\/\/infoshareacademy.com\/blog\/z-branzy-budowlanej-do-it-poznaj-historie-naszego-absolwenta\/\",\"name\":\"Z bran\u017cy budowlanej do IT - poznaj histori\u0119 naszego absolwenta\",\"isPartOf\":{\"@id\":\"https:\/\/infoshareacademy.com\/blog\/#website\"},\"datePublished\":\"2019-11-21T11:14:54+00:00\",\"dateModified\":\"2021-01-12T08:32:52+00:00\",\"description\":\"Kamil to absolwent infoShare Academy, a obecnie - programista i trener kodowania. Przeczytaj, jak potoczy\u0142a si\u0119 jego kariera w IT\",\"breadcrumb\":{\"@id\":\"https:\/\/infoshareacademy.com\/blog\/z-branzy-budowlanej-do-it-poznaj-historie-naszego-absolwenta\/#breadcrumb\"},\"inLanguage\":\"pl-PL\",\"potentialAction\":[{\"@type\":\"ReadAction\",\"target\":[\"https:\/\/infoshareacademy.com\/blog\/z-branzy-budowlanej-do-it-poznaj-historie-naszego-absolwenta\/\"]}]},{\"@type\":\"BreadcrumbList\",\"@id\":\"https:\/\/infoshareacademy.com\/blog\/z-branzy-budowlanej-do-it-poznaj-historie-naszego-absolwenta\/#breadcrumb\",\"itemListElement\":[{\"@type\":\"ListItem\",\"position\":1,\"name\":\"Strona g\u0142\u00f3wna\",\"item\":\"https:\/\/infoshareacademy.com\/blog\/\"},{\"@type\":\"ListItem\",\"position\":2,\"name\":\"Z bran\u017cy budowlanej do IT. Poznaj histori\u0119 absolwenta infoShare Academy\"}]},{\"@type\":\"WebSite\",\"@id\":\"https:\/\/infoshareacademy.com\/blog\/#website\",\"url\":\"https:\/\/infoshareacademy.com\/blog\/\",\"name\":\"infoShare Academy Blog\",\"description\":\"Strona o szkoleniach w IT\",\"publisher\":{\"@id\":\"https:\/\/infoshareacademy.com\/blog\/#organization\"},\"potentialAction\":[{\"@type\":\"SearchAction\",\"target\":{\"@type\":\"EntryPoint\",\"urlTemplate\":\"https:\/\/infoshareacademy.com\/blog\/?s={search_term_string}\"},\"query-input\":\"required name=search_term_string\"}],\"inLanguage\":\"pl-PL\"},{\"@type\":\"Organization\",\"@id\":\"https:\/\/infoshareacademy.com\/blog\/#organization\",\"name\":\"infoShare Academy\",\"url\":\"https:\/\/infoshareacademy.com\/blog\/\",\"logo\":{\"@type\":\"ImageObject\",\"inLanguage\":\"pl-PL\",\"@id\":\"https:\/\/infoshareacademy.com\/blog\/#\/schema\/logo\/image\/\",\"url\":\"https:\/\/infoshareacademy.com\/blog\/wp-content\/uploads\/2022\/11\/infoShare-Academy-ver-white-with-background-1000x1000px.jpg\",\"contentUrl\":\"https:\/\/infoshareacademy.com\/blog\/wp-content\/uploads\/2022\/11\/infoShare-Academy-ver-white-with-background-1000x1000px.jpg\",\"width\":1000,\"height\":1000,\"caption\":\"infoShare Academy\"},\"image\":{\"@id\":\"https:\/\/infoshareacademy.com\/blog\/#\/schema\/logo\/image\/\"},\"sameAs\":[\"https:\/\/www.facebook.com\/infoshareacademy\"]},{\"@type\":\"Person\",\"@id\":\"https:\/\/infoshareacademy.com\/blog\/#\/schema\/person\/90eefec70f6918e70294f2aa5ed2f1cb\",\"name\":\"stokarska\",\"image\":{\"@type\":\"ImageObject\",\"inLanguage\":\"pl-PL\",\"@id\":\"https:\/\/infoshareacademy.com\/blog\/#\/schema\/person\/image\/\",\"url\":\"https:\/\/secure.gravatar.com\/avatar\/?s=96&d=mm&r=g\",\"contentUrl\":\"https:\/\/secure.gravatar.com\/avatar\/?s=96&d=mm&r=g\",\"caption\":\"stokarska\"},\"url\":\"https:\/\/infoshareacademy.com\/blog\/author\/stokarska\/\"}]}<\/script>\n<!-- \/ Yoast SEO plugin. -->","yoast_head_json":{"title":"Z bran\u017cy budowlanej do IT - poznaj histori\u0119 naszego absolwenta","description":"Kamil to absolwent infoShare Academy, a obecnie - programista i trener kodowania. Przeczytaj, jak potoczy\u0142a si\u0119 jego kariera w IT","robots":{"index":"index","follow":"follow","max-snippet":"max-snippet:-1","max-image-preview":"max-image-preview:large","max-video-preview":"max-video-preview:-1"},"canonical":"https:\/\/infoshareacademy.com\/blog\/z-branzy-budowlanej-do-it-poznaj-historie-naszego-absolwenta\/","og_locale":"pl_PL","og_type":"article","og_title":"Z bran\u017cy budowlanej do IT - poznaj histori\u0119 naszego absolwenta","og_description":"Kamil to absolwent infoShare Academy, a obecnie - programista i trener kodowania. Przeczytaj, jak potoczy\u0142a si\u0119 jego kariera w IT","og_url":"https:\/\/infoshareacademy.com\/blog\/z-branzy-budowlanej-do-it-poznaj-historie-naszego-absolwenta\/","og_site_name":"infoShare Academy Blog","article_publisher":"https:\/\/www.facebook.com\/infoshareacademy","article_published_time":"2019-11-21T11:14:54+00:00","article_modified_time":"2021-01-12T08:32:52+00:00","og_image":[{"width":900,"height":300,"url":"https:\/\/infoshareacademy.com\/blog\/wp-content\/uploads\/2019\/11\/Kamil-blog.png","type":"image\/png"}],"author":"stokarska","twitter_card":"summary_large_image","twitter_misc":{"Napisane przez":"stokarska","Szacowany czas czytania":"4 minuty"},"schema":{"@context":"https:\/\/schema.org","@graph":[{"@type":"Article","@id":"https:\/\/infoshareacademy.com\/blog\/z-branzy-budowlanej-do-it-poznaj-historie-naszego-absolwenta\/#article","isPartOf":{"@id":"https:\/\/infoshareacademy.com\/blog\/z-branzy-budowlanej-do-it-poznaj-historie-naszego-absolwenta\/"},"author":{"name":"stokarska","@id":"https:\/\/infoshareacademy.com\/blog\/#\/schema\/person\/90eefec70f6918e70294f2aa5ed2f1cb"},"headline":"Z bran\u017cy budowlanej do IT. Poznaj histori\u0119 absolwenta infoShare Academy","datePublished":"2019-11-21T11:14:54+00:00","dateModified":"2021-01-12T08:32:52+00:00","mainEntityOfPage":{"@id":"https:\/\/infoshareacademy.com\/blog\/z-branzy-budowlanej-do-it-poznaj-historie-naszego-absolwenta\/"},"wordCount":755,"commentCount":0,"publisher":{"@id":"https:\/\/infoshareacademy.com\/blog\/#organization"},"articleSection":["Front-end","Historie Absolwent\u00f3w","Wywiady"],"inLanguage":"pl-PL","potentialAction":[{"@type":"CommentAction","name":"Comment","target":["https:\/\/infoshareacademy.com\/blog\/z-branzy-budowlanej-do-it-poznaj-historie-naszego-absolwenta\/#respond"]}]},{"@type":"WebPage","@id":"https:\/\/infoshareacademy.com\/blog\/z-branzy-budowlanej-do-it-poznaj-historie-naszego-absolwenta\/","url":"https:\/\/infoshareacademy.com\/blog\/z-branzy-budowlanej-do-it-poznaj-historie-naszego-absolwenta\/","name":"Z bran\u017cy budowlanej do IT - poznaj histori\u0119 naszego absolwenta","isPartOf":{"@id":"https:\/\/infoshareacademy.com\/blog\/#website"},"datePublished":"2019-11-21T11:14:54+00:00","dateModified":"2021-01-12T08:32:52+00:00","description":"Kamil to absolwent infoShare Academy, a obecnie - programista i trener kodowania. Przeczytaj, jak potoczy\u0142a si\u0119 jego kariera w IT","breadcrumb":{"@id":"https:\/\/infoshareacademy.com\/blog\/z-branzy-budowlanej-do-it-poznaj-historie-naszego-absolwenta\/#breadcrumb"},"inLanguage":"pl-PL","potentialAction":[{"@type":"ReadAction","target":["https:\/\/infoshareacademy.com\/blog\/z-branzy-budowlanej-do-it-poznaj-historie-naszego-absolwenta\/"]}]},{"@type":"BreadcrumbList","@id":"https:\/\/infoshareacademy.com\/blog\/z-branzy-budowlanej-do-it-poznaj-historie-naszego-absolwenta\/#breadcrumb","itemListElement":[{"@type":"ListItem","position":1,"name":"Strona g\u0142\u00f3wna","item":"https:\/\/infoshareacademy.com\/blog\/"},{"@type":"ListItem","position":2,"name":"Z bran\u017cy budowlanej do IT. Poznaj histori\u0119 absolwenta infoShare Academy"}]},{"@type":"WebSite","@id":"https:\/\/infoshareacademy.com\/blog\/#website","url":"https:\/\/infoshareacademy.com\/blog\/","name":"infoShare Academy Blog","description":"Strona o szkoleniach w IT","publisher":{"@id":"https:\/\/infoshareacademy.com\/blog\/#organization"},"potentialAction":[{"@type":"SearchAction","target":{"@type":"EntryPoint","urlTemplate":"https:\/\/infoshareacademy.com\/blog\/?s={search_term_string}"},"query-input":"required name=search_term_string"}],"inLanguage":"pl-PL"},{"@type":"Organization","@id":"https:\/\/infoshareacademy.com\/blog\/#organization","name":"infoShare Academy","url":"https:\/\/infoshareacademy.com\/blog\/","logo":{"@type":"ImageObject","inLanguage":"pl-PL","@id":"https:\/\/infoshareacademy.com\/blog\/#\/schema\/logo\/image\/","url":"https:\/\/infoshareacademy.com\/blog\/wp-content\/uploads\/2022\/11\/infoShare-Academy-ver-white-with-background-1000x1000px.jpg","contentUrl":"https:\/\/infoshareacademy.com\/blog\/wp-content\/uploads\/2022\/11\/infoShare-Academy-ver-white-with-background-1000x1000px.jpg","width":1000,"height":1000,"caption":"infoShare Academy"},"image":{"@id":"https:\/\/infoshareacademy.com\/blog\/#\/schema\/logo\/image\/"},"sameAs":["https:\/\/www.facebook.com\/infoshareacademy"]},{"@type":"Person","@id":"https:\/\/infoshareacademy.com\/blog\/#\/schema\/person\/90eefec70f6918e70294f2aa5ed2f1cb","name":"stokarska","image":{"@type":"ImageObject","inLanguage":"pl-PL","@id":"https:\/\/infoshareacademy.com\/blog\/#\/schema\/person\/image\/","url":"https:\/\/secure.gravatar.com\/avatar\/?s=96&d=mm&r=g","contentUrl":"https:\/\/secure.gravatar.com\/avatar\/?s=96&d=mm&r=g","caption":"stokarska"},"url":"https:\/\/infoshareacademy.com\/blog\/author\/stokarska\/"}]}},"_links":{"self":[{"href":"https:\/\/infoshareacademy.com\/blog\/wp-json\/wp\/v2\/posts\/4319","targetHints":{"allow":["GET"]}}],"collection":[{"href":"https:\/\/infoshareacademy.com\/blog\/wp-json\/wp\/v2\/posts"}],"about":[{"href":"https:\/\/infoshareacademy.com\/blog\/wp-json\/wp\/v2\/types\/post"}],"author":[{"embeddable":true,"href":"https:\/\/infoshareacademy.com\/blog\/wp-json\/wp\/v2\/users\/3"}],"replies":[{"embeddable":true,"href":"https:\/\/infoshareacademy.com\/blog\/wp-json\/wp\/v2\/comments?post=4319"}],"version-history":[{"count":1,"href":"https:\/\/infoshareacademy.com\/blog\/wp-json\/wp\/v2\/posts\/4319\/revisions"}],"predecessor-version":[{"id":9845,"href":"https:\/\/infoshareacademy.com\/blog\/wp-json\/wp\/v2\/posts\/4319\/revisions\/9845"}],"wp:featuredmedia":[{"embeddable":true,"href":"https:\/\/infoshareacademy.com\/blog\/wp-json\/wp\/v2\/media\/9844"}],"wp:attachment":[{"href":"https:\/\/infoshareacademy.com\/blog\/wp-json\/wp\/v2\/media?parent=4319"}],"wp:term":[{"taxonomy":"category","embeddable":true,"href":"https:\/\/infoshareacademy.com\/blog\/wp-json\/wp\/v2\/categories?post=4319"},{"taxonomy":"post_tag","embeddable":true,"href":"https:\/\/infoshareacademy.com\/blog\/wp-json\/wp\/v2\/tags?post=4319"}],"curies":[{"name":"wp","href":"https:\/\/api.w.org\/{rel}","templated":true}]}}