{"id":12288,"date":"2022-09-20T18:08:04","date_gmt":"2022-09-20T16:08:04","guid":{"rendered":"https:\/\/infoshareacademy.com\/blog\/?p=12288"},"modified":"2023-01-26T15:45:28","modified_gmt":"2023-01-26T14:45:28","slug":"azymut-na-it-z-logistyki-do-projektowania-ux","status":"publish","type":"post","link":"https:\/\/infoshareacademy.com\/blog\/azymut-na-it-z-logistyki-do-projektowania-ux\/","title":{"rendered":"Azymut na IT: z logistyki do projektowania UX"},"content":{"rendered":"\n<h2 class=\"wp-block-heading\">Zawodowo zajmowa\u0142a si\u0119 logistyk\u0105 i jej zadaniami by\u0142o m.in. zamawianie element\u00f3w do budowy instalacji ch\u0142odniczych. Po wyprowadzce z Tr\u00f3jmiasta i rocznej przerwie zawodowej w jej g\u0142owie pojawi\u0142a si\u0119 my\u015bl \u201cA mo\u017ce by tak ca\u0142kowicie zmieni\u0107 bran\u017c\u0119?\u201d. Jak pomy\u015bla\u0142a, tak zrobi\u0142a &#8211; po researchu w sieci wybra\u0142a <a href=\"https:\/\/infoshareacademy.com\/kurs\/bootcamp-ux-designer\/\">bootcamp UX Designer<\/a> w infoShare Academy. 7 miesi\u0119cy nauki wystarczy\u0142o, \u017ceby jej \u017cycie zawodowe nabra\u0142o kolor\u00f3w! Poznaj nasz\u0105 absolwentk\u0119 &#8211; Emili\u0119 Jasnoch.<\/h2>\n\n\n\n<p><\/p>\n\n\n\n<h3 class=\"wp-block-heading\">Na studia przeprowadzi\u0142a\u015b si\u0119 z Ko\u0142obrzegu. Dlaczego wybra\u0142a\u015b Tr\u00f3jmiasto?<\/h3>\n\n\n\n<p>Hmm\u2026 po prostu chcia\u0142am studiowa\u0107 w du\u017cym mie\u015bcie. Krak\u00f3w i Wroc\u0142aw odpad\u0142y ze wzgl\u0119du na odleg\u0142o\u015b\u0107 od rodzinnego domu. Pozna\u0144 i Szczecin nigdy mnie nie fascynowa\u0142y. Z g\u00f3ry odrzuci\u0142am te\u017c Warszaw\u0119, cho\u0107 w\u0142a\u015bciwie nie pami\u0119tam ju\u017c powodu \ud83d\ude42 Tr\u00f3jmiasto wydawa\u0142o mi si\u0119 jedyn\u0105 sensown\u0105 opcj\u0105 w tamtym czasie. Mo\u017ce dlatego, \u017ce bywa\u0142am tam ju\u017c wcze\u015bniej, poniewa\u017c&nbsp; w Tr\u00f3jmie\u015bcie mieszka\u0142a (i mieszka dalej) moja starsza siostra.&nbsp;<\/p>\n\n\n\n<h3 class=\"wp-block-heading\">Czym zajmowa\u0142a\u015b si\u0119 w poprzedniej pracy?<\/h3>\n\n\n\n<p>Moje poprzednie stanowisko to Project Supply Chain Specialist &#8211; czyli po naszemu Kupiec &#8211; w firmie z bran\u017cy ch\u0142odnictwa przemys\u0142owego w Gdyni. Zamawia\u0142am tam materia\u0142y na budow\u0119 instalacji ch\u0142odniczych: od najmniejszych \u015brubek poprzez rury, glikol po wymienniki ciep\u0142a oraz wszelk\u0105 elektronik\u0119. Do tego ustala\u0142am transporty niekt\u00f3rych urz\u0105dze\u0144, organizowa\u0142am kontenery, d\u017awigi i r\u00f3\u017cne inne maszyny potrzebne na budowach. Niekt\u00f3re projekty budowy trwa\u0142y miesi\u0105c, niekt\u00f3re 6 miesi\u0119cy. G\u0142\u00f3wnie pos\u0142ugiwa\u0142am si\u0119 j\u0119zykiem polskim, sporadycznie rozmawia\u0142am po angielsku z dostawcami.<\/p>\n\n\n\n<p>Og\u00f3lnie by\u0142a to praca typowo biurowa: maile, telefony, system ERP i papierowa dokumentacja. Negocjacje cenowe, potwierdzanie termin\u00f3w realizacji zam\u00f3wie\u0144, weryfikacja dostaw oraz nierzadko tzw. \u201cgaszenie po\u017car\u00f3w\u201d, kiedy np. towar nie dojedzie na czas. Czasami by\u0142o to bardzo stresuj\u0105ce\u2026 Jedna moja pomy\u0142ka mog\u0142a spowodowa\u0107 op\u00f3\u017anienie realizacji ca\u0142ego harmonogramu prac na budowie.<\/p>\n\n\n\n<p>Mimo wszystko bardzo dobrze wspominam t\u0119 prac\u0119, wiele si\u0119 tam nauczy\u0142am \ud83d\ude42 Zrezygnowa\u0142am z niej ze wzgl\u0119du na przeprowadzk\u0119 do Krakowa, po 8 latach mieszkania w Tr\u00f3jmie\u015bcie, poniewa\u017c praca zdalna nie wchodzi\u0142a w gr\u0119.&nbsp;<\/p>\n\n\n\n<div class=\"wp-block-buttons is-content-justification-center is-layout-flex wp-container-core-buttons-is-layout-16018d1d wp-block-buttons-is-layout-flex\">\n<div class=\"wp-block-button\"><a class=\"wp-block-button__link has-white-color has-vivid-purple-background-color has-text-color has-background wp-element-button\" href=\"https:\/\/infoshareacademy.com\/figma-academy\/\"><strong>We\u017a udzia\u0142 w bezp\u0142atnym kursie projektowania w Figmie<\/strong><\/a><\/div>\n<\/div>\n\n\n\n<h3 class=\"wp-block-heading\">Co takiego si\u0119 wydarzy\u0142o, \u017ce postanowi\u0142a\u015b si\u0119 przebran\u017cowi\u0107?<\/h3>\n\n\n\n<p>Gdy po roku odpoczynku zn\u00f3w zacz\u0119\u0142am my\u015ble\u0107 o podj\u0119ciu pracy, perspektywa powrotu do dzia\u0142u logistyki wydawa\u0142a mi si\u0119 ma\u0142o porywaj\u0105ca\u2026 Skoro rozpocz\u0119\u0142am nowy rozdzia\u0142 w nowym mie\u015bcie, pomy\u015bla\u0142am, \u017ce to doskona\u0142y moment na zmian\u0119 r\u00f3wnie\u017c zawodu. No bo kiedy, jak nie teraz?<\/p>\n\n\n\n<p>Chcia\u0142am rozpocz\u0105\u0107 co\u015b nowego, co\u015b, co najzwyczajniej w \u015bwiecie b\u0119dzie mi sprawia\u0142o frajd\u0119 &#8211; tak, bym z przyjemno\u015bci\u0105&nbsp;rano wstawa\u0142a z \u0142\u00f3\u017cka by pojecha\u0107 do pracy. Oczywi\u015bcie opr\u00f3cz tej frajdy m\u00f3j nowy zaw\u00f3d powinien r\u00f3wnie\u017c pozwoli\u0107 mi na utrzymanie si\u0119 w nowym mie\u015bcie. Pomy\u015bla\u0142am wi\u0119c, \u017ce musi to by\u0107 stanowisko w jaki\u015b spos\u00f3b powi\u0105zane z bran\u017c\u0105 IT. Poniewa\u017c&nbsp;zawsze lubi\u0142am amatorskie \u201czabawy\u201d z grafik\u0105&nbsp;komputerow\u0105 &#8211; poszukiwa\u0142am czego\u015b&nbsp;w tym kierunku, powiedzmy, wizualnym.&nbsp;<\/p>\n\n\n\n<h3 class=\"wp-block-heading\">W jaki spos\u00f3b trafi\u0142a\u015b na infoShare Academy? Pr\u00f3bowa\u0142a\u015b si\u0119 uczy\u0107 w inny spos\u00f3b?<\/h3>\n\n\n\n<p>Pocz\u0105tkowo sk\u0142ania\u0142am si\u0119&nbsp;ku grafice komputerowej. Podczas przeszukiwania jak\u017ce bogatych zasob\u00f3w internetu zupe\u0142nym przypadkiem natkn\u0119\u0142am si\u0119 na poj\u0119cia UX i UI. Kiedy zacz\u0119\u0142am odkrywa\u0107 coraz to wi\u0119cej informacji o tym zupe\u0142nie nowym dla mnie zawodzie, coraz bardziej utwierdza\u0142am si\u0119&nbsp;w przekonaniu, \u017ce to jest co\u015b&nbsp;dla mnie, to jest TO, czego szuka\u0142am.<\/p>\n\n\n\n<p>Totalnie zach\u0142ysn\u0119\u0142am si\u0119&nbsp;tematem, czyta\u0142am wszystko, obejrza\u0142am wszystkie filmy na temat UX na YouTube, jakie by\u0142am w stanie znale\u017a\u0107, kupi\u0142am kilka ksi\u0105\u017cek i przerobi\u0142am kilka darmowych kurs\u00f3w online. Maj\u0105c ju\u017c jako takie poj\u0119cie o tym zawodzie, postanowi\u0142am, \u017ce zaanga\u017cuj\u0119 si\u0119 w to na powa\u017cnie, tak by zdoby\u0107 wymarzon\u0105&nbsp;w\u0142a\u015bnie posad\u0119 UX Designera.<\/p>\n\n\n\n<p>W pierwszej kolejno\u015bci szuka\u0142am kursu stacjonarnego w Krakowie, ale poniewa\u017c nie by\u0142o ju\u017c miejsc w terminie, kt\u00f3ry mnie interesowa\u0142, postanowi\u0142am rozpocz\u0105\u0107 kurs online w iSA. Przekona\u0142a mnie bardzo du\u017ca liczba godzin oraz zaj\u0119cia na \u017cywo z trenerami praktykuj\u0105cymi UX na co dzie\u0144.&nbsp;<\/p>\n\n\n\n<h3 class=\"wp-block-heading\">Jak przebiega\u0142 bootcamp UX w iSA? Jaka by\u0142a atmosfera? Ludzie?<\/h3>\n\n\n\n<p>Jestem z niego bardzo zadowolona! To by\u0142y zaj\u0119cia zdalne, weekendowe, ca\u0142o\u015b\u0107 trwa\u0142a 7 miesi\u0119cy. <a href=\"https:\/\/infoshareacademy.com\/kurs\/bootcamp-ux-designer\/\">Bootcamp UX<\/a> by\u0142 bardzo przyjemny i bardzo praktyczny. Zaledwie kilka pierwszych zaj\u0119\u0107 by\u0142o teoretycznych, wprowadzaj\u0105cych do \u015bwiata UX i IT, natomiast p\u00f3\u017aniej zostali\u015bmy podzieleni na grupy, w kt\u00f3rych pracowali\u015bmy nad projektem zaliczeniowym &#8211; prototypem aplikacji mobilnej (tu pozdrawiam m\u00f3j super team: Ew\u0119, Roksan\u0119 i Gosi\u0119!).<\/p>\n\n\n\n<p>Oczywi\u015bcie w mi\u0119dzyczasie dalej odbywa\u0142y si\u0119&nbsp;zaj\u0119cia i \u0107wiczenia, mieli\u015bmy r\u00f3wnie\u017c&nbsp;wsparcie naszej mentorki Magdy, nigdy nie byli\u015bmy pozostawieni sami sobie. Trenerzy posiadali du\u017ce do\u015bwiadczenie w pracy UX Designera, byli bardzo otwarci i wspieraj\u0105cy, uwielbia\u0142am s\u0142ucha\u0107 historii i przyk\u0142ad\u00f3w wzi\u0119tych z prawdziwego \u017cycia. Bardzo podoba\u0142a mi si\u0119 forma zaj\u0119\u0107 i spotka\u0144 prowadzonych na \u017cywo, kiedy mo\u017cna porozmawia\u0107, zadawa\u0107&nbsp;pytania i od razu wyja\u015bnia\u0107&nbsp;wszelkie w\u0105tpliwo\u015bci. Tego nie zapewni\u0105 nawet najlepsze tutoriale nagrane na video.<\/p>\n\n\n\n<figure class=\"wp-block-embed is-type-video is-provider-youtube wp-block-embed-youtube wp-embed-aspect-16-9 wp-has-aspect-ratio\"><div class=\"wp-block-embed__wrapper\">\n<iframe loading=\"lazy\" title=\"UX vs UI - jaka jest r\u00f3\u017cnica?\" width=\"500\" height=\"281\" src=\"https:\/\/www.youtube.com\/embed\/SxN-QZvfJu8?start=173&#038;feature=oembed\" frameborder=\"0\" allow=\"accelerometer; autoplay; clipboard-write; encrypted-media; gyroscope; picture-in-picture; web-share\" referrerpolicy=\"strict-origin-when-cross-origin\" allowfullscreen><\/iframe>\n<\/div><figcaption class=\"wp-element-caption\">UX i UI &#8211; r\u00f3\u017cnice. Bo to nie jest to samo!<\/figcaption><\/figure>\n\n\n\n<h3 class=\"wp-block-heading\">Jak oceniasz &#8211; czy bootcamp Ci si\u0119 przyda\u0142? Posz\u0142aby\u015b jeszcze raz?<\/h3>\n\n\n\n<p>Haha, my\u015bl\u0119 \u017ce tak! Kurs da\u0142 mi bardzo szerok\u0105&nbsp;wiedz\u0119 nie tylko z zakresu samego User Experience, ale r\u00f3wnie\u017c: psychologii behawioralnej, statystyki, analityki, grafiki, testowania i pewnie wielu innych pokrewnych dziedzin. Samodzielnie nie by\u0142abym w stanie tego wszystkiego ogarn\u0105\u0107. Dzi\u0119ki niemu by\u0142am gotowa na powa\u017cne poszukiwanie pracy, uzbrojona w wiedz\u0119 i du\u017cy projekt w portfolio. By\u0142o warto!<\/p>\n\n\n\n<h3 class=\"wp-block-heading\">Gdzie aktualnie pracujesz i czym si\u0119 zajmujesz?<\/h3>\n\n\n\n<p>Po uko\u0144czeniu bootcampu dosta\u0142am prac\u0119 jako UX Designer, Associate w firmie z bran\u017cy IT, dok\u0142adnie tzw. Business Intelligence. Pracuj\u0119 w firmie MicroStrategy. W naprawde du\u017cym skr\u00f3cie: firma ta jest dostawc\u0105 oprogramowania do analizy biznesowej dla przedsi\u0119biorstw i wielkich korporacji. Platforma MicroStrategy mo\u017ce \u0142\u0105czy\u0107 si\u0119 z dowolnymi bazami danych i umo\u017cliwia ich analiz\u0119. Generalnie jest to do\u015b\u0107 skomplikowany program.<\/p>\n\n\n\n<p>Dzia\u0142 UX zajmuje si\u0119 jego udoskonalaniem, dba, by nawigacja by\u0142a intuicyjna dla u\u017cytkownik\u00f3w, by zachowana by\u0142a sp\u00f3jno\u015b\u0107 wizualna, by wszelkie systemowe komunikaty by\u0142y zrozumia\u0142e. Z drugiej strony projektuje si\u0119 tutaj r\u00f3wnie\u017c zupe\u0142nie nowe, cz\u0119sto skomplikowane funkcjonalno\u015bci. Pracy nigdy nie braknie \ud83d\ude42&nbsp;<\/p>\n\n\n\n<p>Na moim stanowisku dopiero ucz\u0119 si\u0119 wszystkiego. Na co dzie\u0144 wspomagam starszych projektant\u00f3w w bie\u017c\u0105cych zadaniach, przygl\u0105dam si\u0119 ich pracy, uczestnicz\u0119 w spotkaniach (a tych jest bardzo du\u017co), obserwuj\u0119 z bliska ca\u0142y proces UX. Mo\u017cna powiedzie\u0107, \u017ce poznaj\u0119 r\u00f3wnie\u017c kultur\u0119 pracy w firmie IT &#8211; i jestem ni\u0105&nbsp;zachwycona! To naprawd\u0119 wida\u0107, s\u0142ycha\u0107 i czu\u0107, gdy wsp\u00f3\u0142pracuje si\u0119&nbsp;z lud\u017ami, kt\u00f3rzy szczerze lubi\u0105&nbsp;to, co robi\u0105 \ud83d\ude42&nbsp;<\/p>\n\n\n\n<div class=\"wp-block-buttons is-content-justification-center is-layout-flex wp-container-core-buttons-is-layout-16018d1d wp-block-buttons-is-layout-flex\">\n<div class=\"wp-block-button has-custom-width wp-block-button__width-75\"><a class=\"wp-block-button__link has-white-color has-text-color has-background wp-element-button\" href=\"https:\/\/infoshareacademy.com\/ebook-niezbednik-uxui\/\" style=\"background-color:#bb31bf\"><strong>Pobierz darmowy Niezb\u0119dnik UX i UI Designera<\/strong><\/a><\/div>\n<\/div>\n\n\n\n<h3 class=\"wp-block-heading\">Co mo\u017cesz powiedzie\u0107 o kulturze pracy jako UX Designer?<\/h3>\n\n\n\n<p>Teraz o wiele lepiej mi si\u0119 pracuje, co prawda dopiero si\u0119&nbsp;wszystkiego ucz\u0119 i wdra\u017cam (w ko\u0144cu nie tylko zmieni\u0142am stanowisko, ale te\u017c&nbsp;ca\u0142\u0105 bran\u017c\u0119), ale jest to dla mnie sama przyjemno\u015b\u0107.<\/p>\n\n\n\n<p>Ludzie tutaj s\u0105 bardzo przyja\u017ani i pomocni, panuje lu\u017ana atmosfera. Inna jest r\u00f3wnie\u017c sama natura \u201cprojektu\u201d &#8211; poprzednio jaki projekt dosta\u0142am, musia\u0142am wykona\u0107 go w z g\u00f3ry okre\u015blony spos\u00f3b. Wynika to oczywi\u015bcie ze specyfiki tych\u017ce projekt\u00f3w&nbsp; &#8211; poprzednio by\u0142y to budowy, wi\u0119c wszelkie zmiany na etapie zamawiania towar\u00f3w na obiekt by\u0142y raczej niewskazane :).&nbsp; W obecnej pracy natomiast projektami s\u0105 elementy programu komputerowego, kt\u00f3re albo jeszcze nie istniej\u0105 &#8211; dopiero trzeba je zaprojektowa\u0107, albo istniej\u0105, ale z jakiego\u015b powodu wymagaj\u0105&nbsp; zmiany &#8211; przeprojektowania, ulepszenia. Panuje tzw. podej\u015bcie Aglie &#8211; projekty bardzo cz\u0119sto si\u0119&nbsp;zmieniaj\u0105, ewoluuj\u0105&nbsp;i dojrzewaj\u0105 w trakcie powstawania.&nbsp;<\/p>\n\n\n\n<p>W obecnej pracy bardzo rzadko u\u017cywa si\u0119 \u201cklasycznych\u201d telefon\u00f3w &#8211; wi\u0119kszo\u015b\u0107 rzeczy ustala si\u0119 podczas spotka\u0144 online na Zoomie, a wiadomo\u015bci pisze na Slacku.&nbsp;<\/p>\n\n\n\n<p>Jeszcze jedn\u0105 rzecz\u0105&nbsp;wart\u0105 wymienienia jest to, \u017ce teraz pracuj\u0119 od 9 do 17 zupe\u0142nie zdalnie, w zaciszu swojego w\u0142asnego biura w domu, a do poprzedniej pracy musia\u0142am codziennie doje\u017cd\u017ca\u0107 na 8 do 16:00. Niby ma\u0142a zmiana, ale gdy teraz pomy\u015bl\u0119 o wstawaniu o 6 rano, by dojecha\u0107 do pracy i wraca\u0107 w godzinach szczytu, to a\u017c mam dreszcze.&nbsp;<\/p>\n\n\n\n<h3 class=\"wp-block-heading\">Pami\u0119tasz, jak wygl\u0105da\u0142 Tw\u00f3j proces rekrutacyjny?<\/h3>\n\n\n\n<p>Oczywi\u015bcie. Aczkolwiek nie wiem, ile detali mog\u0119 zdradzi\u0107 \ud83d\ude42&nbsp;<\/p>\n\n\n\n<p>Og\u00f3lnie uwa\u017cam, \u017ce ca\u0142y proces rekrutacyjny by\u0142\/jest w MicroStrategy bardzo dojrza\u0142y i \u015bwiadczy o wysokiej kulturze firmy, o ile mog\u0119&nbsp;tak to okre\u015bli\u0107. Po wys\u0142aniu CV na og\u0142oszenie o prac\u0119 otrzyma\u0142am maila z potwierdzeniem, \u017ce aplikacj\u0119 otrzymano i \u017ce b\u0119d\u0105&nbsp;si\u0119&nbsp;odzywa\u0107. Oko\u0142o tygodnia p\u00f3\u017aniej przyszed\u0142 mail od rekruterki informuj\u0105cy o tym, \u017ce przesz\u0142am wst\u0119pny etap, za\u015b&nbsp;kolejnym etapem s\u0105 3 tematyczne testy online (czasowe), kt\u00f3re mam wype\u0142ni\u0107.<\/p>\n\n\n\n<p>Po testach, kt\u00f3re najwyra\u017aniej wype\u0142ni\u0142am wystarczaj\u0105co dobrze, rekruterka skontaktowa\u0142a si\u0119&nbsp;ze mn\u0105 i um\u00f3wi\u0142a na oficjaln\u0105 rozmow\u0119 rekrutacyjn\u0105 z Team Liderk\u0105 UX oraz przekaza\u0142a zadanie rekrutacyjne do zaprezentowania na tej rozmowie. Na przygotowanie do rozmowy mia\u0142am kilka dni.<\/p>\n\n\n\n<p>Po pomy\u015blnej pierwszej rozmowie zosta\u0142am um\u00f3wiona na jeszcze jedn\u0105, bardziej szczeg\u00f3\u0142ow\u0105, z wy\u017cej postawionymi osobami w firmie. Po tym wszystkim dopiero otrzyma\u0142am maila z ofert\u0105 zatrudnienia, kt\u00f3r\u0105&nbsp;z rado\u015bci\u0105&nbsp;zaakceptowa\u0142am \ud83d\ude42<\/p>\n\n\n\n<figure class=\"wp-block-embed is-type-video is-provider-youtube wp-block-embed-youtube wp-embed-aspect-16-9 wp-has-aspect-ratio\"><div class=\"wp-block-embed__wrapper\">\n<iframe loading=\"lazy\" title=\"[LIVE] Zosta\u0144 UX\/UI Designerem\" width=\"500\" height=\"281\" src=\"https:\/\/www.youtube.com\/embed\/emGXUSrYfj4?start=3595&#038;feature=oembed\" frameborder=\"0\" allow=\"accelerometer; autoplay; clipboard-write; encrypted-media; gyroscope; picture-in-picture; web-share\" referrerpolicy=\"strict-origin-when-cross-origin\" allowfullscreen><\/iframe>\n<\/div><figcaption class=\"wp-element-caption\">Grzegorz poka\u017ce Ci, jak ogarn\u0105\u0107 UX i UI!<\/figcaption><\/figure>\n\n\n\n<h3 class=\"wp-block-heading\">Czy znajomo\u015b\u0107 j\u0119zyka angielskiego w Twojej aktualnej pracy jest przydatna?<\/h3>\n\n\n\n<p>O tak, angielski to podstawa, bez tego nie otrzyma\u0142abym w og\u00f3le pracy. Rozmowa rekrutacyjna r\u00f3wnie\u017c przebiega\u0142a po angielsku. Jest to globalna firma, ma siedziby w wielu krajach &#8211; USA, Chiny, Indie, Afryka. Rozmowy na Zoomie po angielsku s\u0105 na porz\u0105dku dziennym, a po rozmowach niekiedy trzeba spisa\u0107 notatki, wypunktowa\u0107 wnioski lub uzupe\u0142ni\u0107 inn\u0105&nbsp;dokumentacj\u0119. My\u015bl\u0119,&nbsp;\u017ce angielski to standard w \u015bwiecie IT &#8211; ma\u0142o prawdopodobne, \u017ce w jakiej\u015b&nbsp;firmie nie b\u0119dzie potrzebna jego znajomo\u015b\u0107. R\u00f3wnie\u017c bardzo du\u017co informacji w Internecie jest pisanych po angielsku, wi\u0119c jego znajomo\u015b\u0107 znacznie u\u0142atwia \u017cycie.<\/p>\n\n\n\n<h3 class=\"wp-block-heading\">Co najbardziej lubisz w UX?<\/h3>\n\n\n\n<p>Chyba najbardziej podoba mi si\u0119 to, \u017ce dobry UX oszcz\u0119dza czas, oszcz\u0119dza nerw\u00f3w i zwyczajnie u\u0142atwia \u017cycie u\u017cytkownikom. Sama przecie\u017c wielokrotnie denerwowa\u0142am si\u0119 na dzia\u0142anie jakiego\u015b&nbsp;programu i bardzo mnie to cieszy, kiedy mog\u0119 przyczyni\u0107 si\u0119 do ulepszania funkcjonalno\u015bci takiego programu jak MicroStrategy.<\/p>\n\n\n\n<p>Bardzo ciekawa jest r\u00f3wnie\u017c strona kreatywna UX &#8211; ale nie ta wizualna, tylko funkcjonalna. Np. przeniesienie kilku funkcjonalno\u015bci i po\u0142\u0105czenie ich w jedno, zaprojektowanie tego na 3 sposoby, nast\u0119pnie analiza, kt\u00f3ra z tych wersji jest najlepsza, a potem dalsze udoskonalanie, kolejne iteracje itd. Mo\u017ce si\u0119&nbsp;wydawa\u0107, \u017ce jest to m\u0119cz\u0105cy i nieko\u0144cz\u0105cy si\u0119 proces, jednak ja uwa\u017cam, \u017ce jest to bardzo ciekawe.<\/p>\n\n\n\n<p>Poza powy\u017cszym bardzo podoba mi si\u0119 samo projektowanie\/rysowanie poszczeg\u00f3lnych element\u00f3w w Figmie. Autentycznie, jest to m\u00f3j ulubiony program komputerowy \ud83d\ude09<\/p>\n\n\n\n<h3 class=\"wp-block-heading\">A programowanie? Co powiesz o Pythonie?<\/h3>\n\n\n\n<p>Z programowaniem nie mia\u0142am do tej pory nic wsp\u00f3lnego, ale zaczynam si\u0119 uczy\u0107. Chocia\u017c nie musz\u0119 umie\u0107 p\u0142ynnie pos\u0142ugiwa\u0107&nbsp;si\u0119&nbsp;Pythonem ani my\u015ble\u0107 jak developer, to zrozumienie podstaw kodowania jest cz\u0119sto pomocne przy projektowaniu oprogramowania. Poza tym po prostu lubi\u0119 si\u0119 uczy\u0107 nowych rzeczy \ud83d\ude42&nbsp;<\/p>\n\n\n\n<div class=\"wp-block-buttons is-content-justification-center is-layout-flex wp-container-core-buttons-is-layout-16018d1d wp-block-buttons-is-layout-flex\">\n<div class=\"wp-block-button\"><a class=\"wp-block-button__link has-white-color has-vivid-green-cyan-background-color has-text-color has-background wp-element-button\" href=\"https:\/\/infoshareacademy.com\/blog\/2021\/10\/25\/projekty-kursantow-ux-aplikacja-mobilna-lubimyczytac\/\"><strong>Zobacz projekt kursant\u00f3w UX dla lubimyczyta\u0107.pl<\/strong><\/a><\/div>\n<\/div>\n\n\n\n<h3 class=\"wp-block-heading\">Gdyby\u015b mia\u0142a poleci\u0107 komu\u015b prac\u0119 w UX, to kto by to by\u0142? Czy potrzeba do tego konkretnych cech?<\/h3>\n\n\n\n<p>Polecam ka\u017cdemu \ud83d\ude42 My\u015bl\u0119, \u017ce jest to na tyle r\u00f3\u017cnorodna praca, \u017ce ka\u017cdy znajdzie w tym cz\u0119\u015b\u0107 dla siebie. UX jest dobrym punktem na pocz\u0105tek, poniewa\u017c zawiera w sobie odrobin\u0119 z wielu innych pokrewnych dziedzin, takich jak na przyk\u0142ad: UI Design, Visual Design, Interaction Design, grafika, programowanie, ale tak\u017ce badania, testy, research, rozmowy z lud\u017ami, a nawet psychologia.<\/p>\n\n\n\n<p>Ka\u017cdy znajdzie co\u015b&nbsp;dla siebie, jak\u0105\u015b swoj\u0105&nbsp;wersj\u0119 UX. Mo\u017cna tworzy\u0107 od zera aplikacje mobilne, projektowa\u0107 gry komputerowe, strony www, interface nowoczesnych zegark\u00f3w; mo\u017cna te\u017c&nbsp;ca\u0142y czas pracowa\u0107 nad udoskonalaniem 1 produktu.<\/p>\n\n\n\n<p>To wszystko odnosi si\u0119 do IT, ale zasady User Experience mo\u017cna stosowa\u0107 tak naprawd\u0119 wsz\u0119dzie: we wszelkich produktach, us\u0142ugach, przy r\u00f3\u017cnych procesach, w centrach logistycznych, na lotniskach, a nawet w poczekalni u lekarza.&nbsp;<br>Jak wida\u0107, \u201cUX UX-owi nier\u00f3wny\u201d, ka\u017cde stanowisko nazwane UX Designer bardzo si\u0119&nbsp;od siebie r\u00f3\u017cni. Wszystko zale\u017cy od profilu dzia\u0142alno\u015bci i specyfiki pracy danej firmy. W\u0142a\u015bnie dlatego uwa\u017cam, \u017ce ka\u017cdy mo\u017ce znale\u017a\u0107 co\u015b&nbsp;dla siebie. Z tego samego powodu cz\u0119sto w\u0142a\u015bnie zalet\u0105 kandydata do pracy jest to, \u017ce posiada do\u015bwiadczenie inne ni\u017c stricte IT. Wiele os\u00f3b pracuje jako UX designer po studiach z psychologii, firmy transportowe na przyk\u0142ad ch\u0119tnie przyjm\u0105 osoby, kt\u00f3re wcze\u015bniej pracowa\u0142y jako spedytor, poniewa\u017c taka osoba ma ju\u017c poj\u0119cie o procesie\/technologii\/bran\u017cy.&nbsp;&nbsp;<\/p>\n\n\n\n<p>Do tego jeszcze dochodz\u0105 indywidualne cechy ludzkie. Osoby bardziej ekstrawertyczne b\u0119d\u0105 pewnie lepiej si\u0119 czu\u0142y w rozmowach z u\u017cytkownikami, introwertycy b\u0119d\u0105 z przyjemno\u015bci\u0105 projektowali w spokoju. Kto\u015b bardziej zadaniowy b\u0119dzie z rado\u015bci\u0105 odhacza\u0142 zaprojektowane aplikacje i rozpoczyna\u0142 nowe, osoby samodzielne mog\u0105 otworzy\u0107 w\u0142asn\u0105&nbsp;dzia\u0142alno\u015b\u0107 i by\u0107&nbsp;swoim w\u0142asnym szefem, a jeszcze inni mog\u0105&nbsp;wole\u0107 pracowa\u0107 w grupie nad wsp\u00f3lnym projektem rozbudowanego sklepu internetowego.&nbsp;<\/p>\n\n\n\n<h3 class=\"wp-block-heading\">Dzi\u0119kuj\u0119 za rozmow\u0119!<\/h3>\n\n\n\n<p><em>Rozmawia\u0142a Magdalena Walasek<\/em><\/p>\n\n\n\n<p>&#8212;&#8212;&#8212;&#8212;&#8212;&#8212;&#8212;&#8212;&#8212;&#8212;&#8212;&#8212;&#8212;&#8212;&#8212;&#8212;&#8212;&#8212;&#8212;&#8212;<\/p>\n\n\n\n<p class=\"has-vivid-red-color has-text-color has-medium-font-size\"><a href=\"https:\/\/infoshareacademy.com\/blog\/category\/ux-ui\/\"><strong>User Experience<\/strong><\/a><\/p>\n\n\n\n<p>UX to User Experience, czyli do\u015bwiadczenie u\u017cytkownika. Nie chodzi jednak o jego zebrane do\u015bwiadczenia \u017cyciowe \u2013 chodzi o to, w jaki spos\u00f3b u\u017cywa aplikacji, jakie rozwi\u0105zania b\u0119d\u0105 dla niego optymalne i intuicyjne, jakie u\u0142o\u017cenie tre\u015bci pozwala mu naj\u0142atwiej i najprzyjemniej z tej aplikacji korzysta\u0107. UX okre\u015bla funkcje apki, liczb\u0119 krok\u00f3w przy zamawianiu produkt\u00f3w czy us\u0142ug, umiejscowienie danego przycisku i wskazanie, co wy\u015bwietla si\u0119 na pierwszym widoku.<\/p>\n\n\n\n<p><strong>Dla kogo?<\/strong><\/p>\n\n\n\n<p>Dla tych, kt\u00f3rzy interesuj\u0105 si\u0119 u\u017cyteczno\u015bciami aplikacji, stron czy produkt\u00f3w. Je\u015bli lubisz kontakt z lud\u017ami, masz \u0142atwo\u015b\u0107 w komunikacji i rozumiesz potrzeby u\u017cytkownik\u00f3w &#8211; ta droga mo\u017ce by\u0107 dla Ciebie!<\/p>\n\n\n\n<h3 class=\"wp-block-heading\" id=\"block-c08fad15-9f95-4bbb-aa91-dee05f0b4e19\">\ud83d\udc49 <a href=\"https:\/\/infoshareacademy.com\/kurs\/bootcamp-ux-designer\/\">Weekendowy bootcamp UX Designer <\/a>(przebran\u017cowienie)<\/h3>\n\n\n\n<h3 class=\"wp-block-heading\" id=\"block-f5d6c319-5f0f-4312-b0c8-41eb06931363\">\ud83d\udc49 <a href=\"https:\/\/infoshareacademy.com\/kurs\/kurs-ux-design\/\">Wieczorowy kurs UX Desing<\/a> (przebran\u017cowienie)<\/h3>\n","protected":false},"excerpt":{"rendered":"<p>Zawodowo zajmowa\u0142a si\u0119 logistyk\u0105 i jej zadaniami by\u0142o m.in. zamawianie element\u00f3w do budowy instalacji ch\u0142odniczych. Po wyprowadzce z Tr\u00f3jmiasta i rocznej przerwie zawodowej w jej g\u0142owie pojawi\u0142a si\u0119 my\u015bl \u201cA mo\u017ce by tak ca\u0142kowicie zmieni\u0107 bran\u017c\u0119?\u201d. Jak pomy\u015bla\u0142a, tak zrobi\u0142a &#8211; po researchu w sieci wybra\u0142a bootcamp UX Designer w infoShare Academy. 7 miesi\u0119cy nauki &hellip;<\/p>\n","protected":false},"author":12,"featured_media":12291,"comment_status":"closed","ping_status":"closed","sticky":false,"template":"","format":"standard","meta":{"footnotes":""},"categories":[26,24,28,34,47,25],"tags":[87,69,72,71,90,91],"class_list":["post-12288","post","type-post","status-publish","format-standard","has-post-thumbnail","hentry","category-artykul","category-historie-absolwentow","category-kariera","category-poczatki-w-it","category-ux-ui","category-wywiady","tag-historie-absolwentow","tag-nauka-programowania","tag-poczatki-programowania","tag-poczatki-w-it","tag-ui","tag-ux"],"yoast_head":"<!-- This site is optimized with the Yoast SEO plugin v20.7 - https:\/\/yoast.com\/wordpress\/plugins\/seo\/ -->\n<title>Azymut na IT: z logistyki do projektowania UX<\/title>\n<meta name=\"description\" content=\"Nasza absolwentka Emilia przesz\u0142a drog\u0119 od logistyki do projektowania UX. Poznaj bli\u017cej jej histori\u0119 i zainspiruj si\u0119!\" \/>\n<meta name=\"robots\" content=\"index, follow, max-snippet:-1, max-image-preview:large, max-video-preview:-1\" \/>\n<link rel=\"canonical\" href=\"https:\/\/infoshareacademy.com\/blog\/azymut-na-it-z-logistyki-do-projektowania-ux\/\" \/>\n<meta property=\"og:locale\" content=\"pl_PL\" \/>\n<meta property=\"og:type\" content=\"article\" \/>\n<meta property=\"og:title\" content=\"Azymut na IT: z logistyki do projektowania UX\" \/>\n<meta property=\"og:description\" content=\"Nasza absolwentka Emilia przesz\u0142a drog\u0119 od logistyki do projektowania UX. Poznaj bli\u017cej jej histori\u0119 i zainspiruj si\u0119!\" \/>\n<meta property=\"og:url\" content=\"https:\/\/infoshareacademy.com\/blog\/azymut-na-it-z-logistyki-do-projektowania-ux\/\" \/>\n<meta property=\"og:site_name\" content=\"infoShare Academy Blog\" \/>\n<meta property=\"article:publisher\" content=\"https:\/\/www.facebook.com\/infoshareacademy\" \/>\n<meta property=\"article:published_time\" content=\"2022-09-20T16:08:04+00:00\" \/>\n<meta property=\"article:modified_time\" content=\"2023-01-26T14:45:28+00:00\" \/>\n<meta property=\"og:image\" content=\"https:\/\/infoshareacademy.com\/blog\/wp-content\/uploads\/2022\/09\/Emilia-Jasnoch.png\" \/>\n\t<meta property=\"og:image:width\" content=\"1255\" \/>\n\t<meta property=\"og:image:height\" content=\"837\" \/>\n\t<meta property=\"og:image:type\" content=\"image\/png\" \/>\n<meta name=\"author\" content=\"Andrzej Kiesz\" \/>\n<meta name=\"twitter:card\" content=\"summary_large_image\" \/>\n<meta name=\"twitter:label1\" content=\"Napisane przez\" \/>\n\t<meta name=\"twitter:data1\" content=\"Andrzej Kiesz\" \/>\n\t<meta name=\"twitter:label2\" content=\"Szacowany czas czytania\" \/>\n\t<meta name=\"twitter:data2\" content=\"13 minut\" \/>\n<script type=\"application\/ld+json\" class=\"yoast-schema-graph\">{\"@context\":\"https:\/\/schema.org\",\"@graph\":[{\"@type\":\"Article\",\"@id\":\"https:\/\/infoshareacademy.com\/blog\/azymut-na-it-z-logistyki-do-projektowania-ux\/#article\",\"isPartOf\":{\"@id\":\"https:\/\/infoshareacademy.com\/blog\/azymut-na-it-z-logistyki-do-projektowania-ux\/\"},\"author\":{\"name\":\"Andrzej Kiesz\",\"@id\":\"https:\/\/infoshareacademy.com\/blog\/#\/schema\/person\/bd93485a4db0de840e3acdc5a6599b6d\"},\"headline\":\"Azymut na IT: z logistyki do projektowania UX\",\"datePublished\":\"2022-09-20T16:08:04+00:00\",\"dateModified\":\"2023-01-26T14:45:28+00:00\",\"mainEntityOfPage\":{\"@id\":\"https:\/\/infoshareacademy.com\/blog\/azymut-na-it-z-logistyki-do-projektowania-ux\/\"},\"wordCount\":2588,\"publisher\":{\"@id\":\"https:\/\/infoshareacademy.com\/blog\/#organization\"},\"keywords\":[\"historie absolwentow\",\"nauka programowania\",\"pocz\u0105tki programowania\",\"pocz\u0105tki w IT\",\"ui\",\"ux\"],\"articleSection\":[\"Artyku\u0142\",\"Historie Absolwent\u00f3w\",\"Kariera w IT\",\"Pocz\u0105tki programowania\",\"UX \/ UI\",\"Wywiady\"],\"inLanguage\":\"pl-PL\"},{\"@type\":\"WebPage\",\"@id\":\"https:\/\/infoshareacademy.com\/blog\/azymut-na-it-z-logistyki-do-projektowania-ux\/\",\"url\":\"https:\/\/infoshareacademy.com\/blog\/azymut-na-it-z-logistyki-do-projektowania-ux\/\",\"name\":\"Azymut na IT: z logistyki do projektowania UX\",\"isPartOf\":{\"@id\":\"https:\/\/infoshareacademy.com\/blog\/#website\"},\"datePublished\":\"2022-09-20T16:08:04+00:00\",\"dateModified\":\"2023-01-26T14:45:28+00:00\",\"description\":\"Nasza absolwentka Emilia przesz\u0142a drog\u0119 od logistyki do projektowania UX. Poznaj bli\u017cej jej histori\u0119 i zainspiruj si\u0119!\",\"breadcrumb\":{\"@id\":\"https:\/\/infoshareacademy.com\/blog\/azymut-na-it-z-logistyki-do-projektowania-ux\/#breadcrumb\"},\"inLanguage\":\"pl-PL\",\"potentialAction\":[{\"@type\":\"ReadAction\",\"target\":[\"https:\/\/infoshareacademy.com\/blog\/azymut-na-it-z-logistyki-do-projektowania-ux\/\"]}]},{\"@type\":\"BreadcrumbList\",\"@id\":\"https:\/\/infoshareacademy.com\/blog\/azymut-na-it-z-logistyki-do-projektowania-ux\/#breadcrumb\",\"itemListElement\":[{\"@type\":\"ListItem\",\"position\":1,\"name\":\"Strona g\u0142\u00f3wna\",\"item\":\"https:\/\/infoshareacademy.com\/blog\/\"},{\"@type\":\"ListItem\",\"position\":2,\"name\":\"Azymut na IT: z logistyki do projektowania UX\"}]},{\"@type\":\"WebSite\",\"@id\":\"https:\/\/infoshareacademy.com\/blog\/#website\",\"url\":\"https:\/\/infoshareacademy.com\/blog\/\",\"name\":\"infoShare Academy Blog\",\"description\":\"Strona o szkoleniach w IT\",\"publisher\":{\"@id\":\"https:\/\/infoshareacademy.com\/blog\/#organization\"},\"potentialAction\":[{\"@type\":\"SearchAction\",\"target\":{\"@type\":\"EntryPoint\",\"urlTemplate\":\"https:\/\/infoshareacademy.com\/blog\/?s={search_term_string}\"},\"query-input\":\"required name=search_term_string\"}],\"inLanguage\":\"pl-PL\"},{\"@type\":\"Organization\",\"@id\":\"https:\/\/infoshareacademy.com\/blog\/#organization\",\"name\":\"infoShare Academy\",\"url\":\"https:\/\/infoshareacademy.com\/blog\/\",\"logo\":{\"@type\":\"ImageObject\",\"inLanguage\":\"pl-PL\",\"@id\":\"https:\/\/infoshareacademy.com\/blog\/#\/schema\/logo\/image\/\",\"url\":\"https:\/\/infoshareacademy.com\/blog\/wp-content\/uploads\/2022\/11\/infoShare-Academy-ver-white-with-background-1000x1000px.jpg\",\"contentUrl\":\"https:\/\/infoshareacademy.com\/blog\/wp-content\/uploads\/2022\/11\/infoShare-Academy-ver-white-with-background-1000x1000px.jpg\",\"width\":1000,\"height\":1000,\"caption\":\"infoShare Academy\"},\"image\":{\"@id\":\"https:\/\/infoshareacademy.com\/blog\/#\/schema\/logo\/image\/\"},\"sameAs\":[\"https:\/\/www.facebook.com\/infoshareacademy\"]},{\"@type\":\"Person\",\"@id\":\"https:\/\/infoshareacademy.com\/blog\/#\/schema\/person\/bd93485a4db0de840e3acdc5a6599b6d\",\"name\":\"Andrzej Kiesz\",\"image\":{\"@type\":\"ImageObject\",\"inLanguage\":\"pl-PL\",\"@id\":\"https:\/\/infoshareacademy.com\/blog\/#\/schema\/person\/image\/\",\"url\":\"https:\/\/secure.gravatar.com\/avatar\/5e764e1d4e278ead524cc07842f98f672efa9ec23cc20b5bb7f4bb92dd9cba22?s=96&d=mm&r=g\",\"contentUrl\":\"https:\/\/secure.gravatar.com\/avatar\/5e764e1d4e278ead524cc07842f98f672efa9ec23cc20b5bb7f4bb92dd9cba22?s=96&d=mm&r=g\",\"caption\":\"Andrzej Kiesz\"},\"url\":\"https:\/\/infoshareacademy.com\/blog\/author\/andrzej-kiesz\/\"}]}<\/script>\n<!-- \/ Yoast SEO plugin. -->","yoast_head_json":{"title":"Azymut na IT: z logistyki do projektowania UX","description":"Nasza absolwentka Emilia przesz\u0142a drog\u0119 od logistyki do projektowania UX. Poznaj bli\u017cej jej histori\u0119 i zainspiruj si\u0119!","robots":{"index":"index","follow":"follow","max-snippet":"max-snippet:-1","max-image-preview":"max-image-preview:large","max-video-preview":"max-video-preview:-1"},"canonical":"https:\/\/infoshareacademy.com\/blog\/azymut-na-it-z-logistyki-do-projektowania-ux\/","og_locale":"pl_PL","og_type":"article","og_title":"Azymut na IT: z logistyki do projektowania UX","og_description":"Nasza absolwentka Emilia przesz\u0142a drog\u0119 od logistyki do projektowania UX. Poznaj bli\u017cej jej histori\u0119 i zainspiruj si\u0119!","og_url":"https:\/\/infoshareacademy.com\/blog\/azymut-na-it-z-logistyki-do-projektowania-ux\/","og_site_name":"infoShare Academy Blog","article_publisher":"https:\/\/www.facebook.com\/infoshareacademy","article_published_time":"2022-09-20T16:08:04+00:00","article_modified_time":"2023-01-26T14:45:28+00:00","og_image":[{"width":1255,"height":837,"url":"https:\/\/infoshareacademy.com\/blog\/wp-content\/uploads\/2022\/09\/Emilia-Jasnoch.png","type":"image\/png"}],"author":"Andrzej Kiesz","twitter_card":"summary_large_image","twitter_misc":{"Napisane przez":"Andrzej Kiesz","Szacowany czas czytania":"13 minut"},"schema":{"@context":"https:\/\/schema.org","@graph":[{"@type":"Article","@id":"https:\/\/infoshareacademy.com\/blog\/azymut-na-it-z-logistyki-do-projektowania-ux\/#article","isPartOf":{"@id":"https:\/\/infoshareacademy.com\/blog\/azymut-na-it-z-logistyki-do-projektowania-ux\/"},"author":{"name":"Andrzej Kiesz","@id":"https:\/\/infoshareacademy.com\/blog\/#\/schema\/person\/bd93485a4db0de840e3acdc5a6599b6d"},"headline":"Azymut na IT: z logistyki do projektowania UX","datePublished":"2022-09-20T16:08:04+00:00","dateModified":"2023-01-26T14:45:28+00:00","mainEntityOfPage":{"@id":"https:\/\/infoshareacademy.com\/blog\/azymut-na-it-z-logistyki-do-projektowania-ux\/"},"wordCount":2588,"publisher":{"@id":"https:\/\/infoshareacademy.com\/blog\/#organization"},"keywords":["historie absolwentow","nauka programowania","pocz\u0105tki programowania","pocz\u0105tki w IT","ui","ux"],"articleSection":["Artyku\u0142","Historie Absolwent\u00f3w","Kariera w IT","Pocz\u0105tki programowania","UX \/ UI","Wywiady"],"inLanguage":"pl-PL"},{"@type":"WebPage","@id":"https:\/\/infoshareacademy.com\/blog\/azymut-na-it-z-logistyki-do-projektowania-ux\/","url":"https:\/\/infoshareacademy.com\/blog\/azymut-na-it-z-logistyki-do-projektowania-ux\/","name":"Azymut na IT: z logistyki do projektowania UX","isPartOf":{"@id":"https:\/\/infoshareacademy.com\/blog\/#website"},"datePublished":"2022-09-20T16:08:04+00:00","dateModified":"2023-01-26T14:45:28+00:00","description":"Nasza absolwentka Emilia przesz\u0142a drog\u0119 od logistyki do projektowania UX. Poznaj bli\u017cej jej histori\u0119 i zainspiruj si\u0119!","breadcrumb":{"@id":"https:\/\/infoshareacademy.com\/blog\/azymut-na-it-z-logistyki-do-projektowania-ux\/#breadcrumb"},"inLanguage":"pl-PL","potentialAction":[{"@type":"ReadAction","target":["https:\/\/infoshareacademy.com\/blog\/azymut-na-it-z-logistyki-do-projektowania-ux\/"]}]},{"@type":"BreadcrumbList","@id":"https:\/\/infoshareacademy.com\/blog\/azymut-na-it-z-logistyki-do-projektowania-ux\/#breadcrumb","itemListElement":[{"@type":"ListItem","position":1,"name":"Strona g\u0142\u00f3wna","item":"https:\/\/infoshareacademy.com\/blog\/"},{"@type":"ListItem","position":2,"name":"Azymut na IT: z logistyki do projektowania UX"}]},{"@type":"WebSite","@id":"https:\/\/infoshareacademy.com\/blog\/#website","url":"https:\/\/infoshareacademy.com\/blog\/","name":"infoShare Academy Blog","description":"Strona o szkoleniach w IT","publisher":{"@id":"https:\/\/infoshareacademy.com\/blog\/#organization"},"potentialAction":[{"@type":"SearchAction","target":{"@type":"EntryPoint","urlTemplate":"https:\/\/infoshareacademy.com\/blog\/?s={search_term_string}"},"query-input":"required name=search_term_string"}],"inLanguage":"pl-PL"},{"@type":"Organization","@id":"https:\/\/infoshareacademy.com\/blog\/#organization","name":"infoShare Academy","url":"https:\/\/infoshareacademy.com\/blog\/","logo":{"@type":"ImageObject","inLanguage":"pl-PL","@id":"https:\/\/infoshareacademy.com\/blog\/#\/schema\/logo\/image\/","url":"https:\/\/infoshareacademy.com\/blog\/wp-content\/uploads\/2022\/11\/infoShare-Academy-ver-white-with-background-1000x1000px.jpg","contentUrl":"https:\/\/infoshareacademy.com\/blog\/wp-content\/uploads\/2022\/11\/infoShare-Academy-ver-white-with-background-1000x1000px.jpg","width":1000,"height":1000,"caption":"infoShare Academy"},"image":{"@id":"https:\/\/infoshareacademy.com\/blog\/#\/schema\/logo\/image\/"},"sameAs":["https:\/\/www.facebook.com\/infoshareacademy"]},{"@type":"Person","@id":"https:\/\/infoshareacademy.com\/blog\/#\/schema\/person\/bd93485a4db0de840e3acdc5a6599b6d","name":"Andrzej Kiesz","image":{"@type":"ImageObject","inLanguage":"pl-PL","@id":"https:\/\/infoshareacademy.com\/blog\/#\/schema\/person\/image\/","url":"https:\/\/secure.gravatar.com\/avatar\/5e764e1d4e278ead524cc07842f98f672efa9ec23cc20b5bb7f4bb92dd9cba22?s=96&d=mm&r=g","contentUrl":"https:\/\/secure.gravatar.com\/avatar\/5e764e1d4e278ead524cc07842f98f672efa9ec23cc20b5bb7f4bb92dd9cba22?s=96&d=mm&r=g","caption":"Andrzej Kiesz"},"url":"https:\/\/infoshareacademy.com\/blog\/author\/andrzej-kiesz\/"}]}},"_links":{"self":[{"href":"https:\/\/infoshareacademy.com\/blog\/wp-json\/wp\/v2\/posts\/12288","targetHints":{"allow":["GET"]}}],"collection":[{"href":"https:\/\/infoshareacademy.com\/blog\/wp-json\/wp\/v2\/posts"}],"about":[{"href":"https:\/\/infoshareacademy.com\/blog\/wp-json\/wp\/v2\/types\/post"}],"author":[{"embeddable":true,"href":"https:\/\/infoshareacademy.com\/blog\/wp-json\/wp\/v2\/users\/12"}],"replies":[{"embeddable":true,"href":"https:\/\/infoshareacademy.com\/blog\/wp-json\/wp\/v2\/comments?post=12288"}],"version-history":[{"count":6,"href":"https:\/\/infoshareacademy.com\/blog\/wp-json\/wp\/v2\/posts\/12288\/revisions"}],"predecessor-version":[{"id":12515,"href":"https:\/\/infoshareacademy.com\/blog\/wp-json\/wp\/v2\/posts\/12288\/revisions\/12515"}],"wp:featuredmedia":[{"embeddable":true,"href":"https:\/\/infoshareacademy.com\/blog\/wp-json\/wp\/v2\/media\/12291"}],"wp:attachment":[{"href":"https:\/\/infoshareacademy.com\/blog\/wp-json\/wp\/v2\/media?parent=12288"}],"wp:term":[{"taxonomy":"category","embeddable":true,"href":"https:\/\/infoshareacademy.com\/blog\/wp-json\/wp\/v2\/categories?post=12288"},{"taxonomy":"post_tag","embeddable":true,"href":"https:\/\/infoshareacademy.com\/blog\/wp-json\/wp\/v2\/tags?post=12288"}],"curies":[{"name":"wp","href":"https:\/\/api.w.org\/{rel}","templated":true}]}}